{"id":3197,"date":"2022-04-21T09:36:37","date_gmt":"2022-04-21T09:36:37","guid":{"rendered":"https:\/\/ss-cg.org\/?p=3197"},"modified":"2022-05-04T09:27:15","modified_gmt":"2022-05-04T09:27:15","slug":"pristupacne-autobuske-stanice-za-sve","status":"publish","type":"post","link":"https:\/\/ss-cg.org\/?p=3197","title":{"rendered":"Pristupa\u010dne autobuske stanice za sve"},"content":{"rendered":"<p>U srijedu 20.aprila 2022, je odr\u017ean prvi od tri planirana treninga sa predstavnicima autobuskih stanica \u0161irom Crne Gore u okviru projekta \u201cAutobusi za sve\u201d koji Savez slijepih Crne Gore realizuje u partnerstvu sa Organizacijom slijepih za Bijelo Polje i Mojkovac, a uz finansijsku podr\u0161ku Ministarstvo kapitalnih investicija Crne Gore.<br \/>\nTrening je planiran za predstavnike autobuskih stanica iz Danilovgrada, Cetinja, Podgorice i Nik\u0161i\u0107a, me\u0111utim u hotelu \u201cOnogo\u0161t\u201d, Nik\u0161i\u0107 u srijedu 20.aprila 2022, izostalo je u\u010de\u0161\u0107e predstavnike iz Danilovgrada i Podgorice.<br \/>\nNa treningu je bilo rije\u010di o trenutnom stanju, presjeku legislative i obaveza, kao i o pristupu prema osobama s invaliditetom, adekvatnoj komunikaciji.<br \/>\nPredstavnici su istakli da su upoznati sa mnogim zakonskim rje\u0161enjima, ali da na\u017ealost nisu pristupali implementaciji. Predstavnici autobuske stanice Nik\u0161i\u0107, najavili su da \u0107e redovnije obnavljati red vo\u017enje na brajevom pismu, obzirom da je sada\u0161nji neta\u010dan, te da su u procesu pripreme za nabavku taktilnih staza vodilja. Navode da autobuska stanica ima pristupa\u010dan toalet, te da je uredbom ure\u0111eno da osobe s invaliditetom ne pla\u0107aju usluge autobuske stanice, peronske karte, ve\u0107 da dobijaju besplatno.<br \/>\nOdnedavno, na mjestu PR je zaposlena osoba o\u0161te\u0107enog vida, te navode da \u0107e i to sigurno pobolj\u0161ati trenutno stanje.<br \/>\nPredstavnici iz Cetinja navode da se bore sa mnogim problemima, nemaju redovne linije, a peron se nalazi na trgu. Tako\u0111e, vrlo je mali prostor oko informacija, \u0161altera, te je \u010dak i nemogu\u0107e postaviti taktilne staze, a da budu svrsishodne. Ne mogu obe\u0107ati pobolj\u0161anje situacije po pitanju pristupa\u010dnosti, ali po pitanju komunikacije i postupanja, dragocjeni su im savjeti, koje \u0107e koristiti u budu\u0107em radu.<br \/>\nTrening su vodili Katarina Bigovi\u0107 Kuli\u0107 i Goran Macanovi\u0107, a projekat ima za cilj da podigne nivo znanja i informisanosti o po\u0161tovanju ljudskih prava, smanji razli\u010dite vidove diskriminacije i doprinese pove\u0107anju ravnopravnosti osoba s invaliditetom. Ovim projektom \u017eeli se unaprijediti i podi\u0107i nivo fizi\u010dke pristupa\u010dnosti javnog prevoza i usluga za sve osobe o\u0161te\u0107enog vida u Crnoj Gori, uz dosljednu primjenu svih elemenata i standarda pristupa\u010dnosti u skladu sa postoje\u0107im zakonskim normama.<\/p>\n","protected":false},"excerpt":{"rendered":"<p>U srijedu 20.aprila 2022, je odr\u017ean prvi od tri planirana treninga sa predstavnicima autobuskih stanica \u0161irom Crne Gore u okviru projekta \u201cAutobusi za sve\u201d koji&#8230;<\/p>\n<div class=\"more-link-wrapper\"><a class=\"more-link\" href=\"https:\/\/ss-cg.org\/?p=3197\">Op\u0161irnije<span class=\"screen-reader-text\">Pristupa\u010dne autobuske stanice za sve<\/span><\/a><\/div>\n","protected":false},"author":3,"featured_media":3204,"comment_status":"open","ping_status":"open","sticky":false,"template":"","format":"standard","meta":{"footnotes":""},"categories":[23],"tags":[963,1053,1052,28,32],"class_list":["post-3197","post","type-post","status-publish","format-standard","has-post-thumbnail","hentry","category-aktuelnosti","tag-autobusi-za-sve","tag-ministarstvo-kapitalnih-investicija-cg","tag-organizacija-slijepih-za-bijelo-polje-i-kolasin","tag-osi","tag-sscg","ratio-2-1","entry"],"_links":{"self":[{"href":"https:\/\/ss-cg.org\/index.php?rest_route=\/wp\/v2\/posts\/3197","targetHints":{"allow":["GET"]}}],"collection":[{"href":"https:\/\/ss-cg.org\/index.php?rest_route=\/wp\/v2\/posts"}],"about":[{"href":"https:\/\/ss-cg.org\/index.php?rest_route=\/wp\/v2\/types\/post"}],"author":[{"embeddable":true,"href":"https:\/\/ss-cg.org\/index.php?rest_route=\/wp\/v2\/users\/3"}],"replies":[{"embeddable":true,"href":"https:\/\/ss-cg.org\/index.php?rest_route=%2Fwp%2Fv2%2Fcomments&post=3197"}],"version-history":[{"count":1,"href":"https:\/\/ss-cg.org\/index.php?rest_route=\/wp\/v2\/posts\/3197\/revisions"}],"predecessor-version":[{"id":3198,"href":"https:\/\/ss-cg.org\/index.php?rest_route=\/wp\/v2\/posts\/3197\/revisions\/3198"}],"wp:featuredmedia":[{"embeddable":true,"href":"https:\/\/ss-cg.org\/index.php?rest_route=\/wp\/v2\/media\/3204"}],"wp:attachment":[{"href":"https:\/\/ss-cg.org\/index.php?rest_route=%2Fwp%2Fv2%2Fmedia&parent=3197"}],"wp:term":[{"taxonomy":"category","embeddable":true,"href":"https:\/\/ss-cg.org\/index.php?rest_route=%2Fwp%2Fv2%2Fcategories&post=3197"},{"taxonomy":"post_tag","embeddable":true,"href":"https:\/\/ss-cg.org\/index.php?rest_route=%2Fwp%2Fv2%2Ftags&post=3197"}],"curies":[{"name":"wp","href":"https:\/\/api.w.org\/{rel}","templated":true}]}}