{"id":2965,"date":"2021-12-28T11:23:32","date_gmt":"2021-12-28T11:23:32","guid":{"rendered":"https:\/\/ss-cg.org\/?p=2965"},"modified":"2021-12-28T11:23:32","modified_gmt":"2021-12-28T11:23:32","slug":"osnazimo-zene-s-invaliditetom-da-podignu-svoj-glas-protiv-diskriminacije-i-diskriminatora","status":"publish","type":"post","link":"https:\/\/ss-cg.org\/?p=2965","title":{"rendered":"OSNA\u017dIMO \u017dENE S INVALIDITETOM DA PODIGNU SVOJ GLAS PROTIV DISKRIMINACIJE I DISKRIMINATORA"},"content":{"rendered":"<p>Osnovi diskriminacije mogu biti razli\u010diti i odnositi se na sljede\u0107e: starosnu dob, invaliditet, etni\u010dko, autohtono, nacionalno ili dru\u0161tveno porijeklo, rodni identitet, politi\u010dko ili drugo mi\u0161ljenje, rasu, status izbjeglice, migranta ili tra\u017eioca azila, religiju, pol, seksualnu orijentaciju i dr.<br \/>\nRodna ravnopravnost i nediskriminacija na osnovu pola pripadaju pojmu \u201eosnovnih ljudskih prava\u201c. Rodna ravnopravnost podrazumijeva jednako u\u017eivanje svih ljudskih prava mu\u0161karaca i \u017eena, bez obzira na o\u010digledne i uro\u0111ene fizi\u010dke razlike.<br \/>\nVi\u0161estruka diskriminacija\u201c odnosi se na situaciju u kojoj osoba do\u017eivljava diskriminaciju po dva ili vi\u0161e razli\u010ditih osnova, kao na primjer: \u017eena koja ima o\u0161te\u0107en vid u cjelosti, a pritom je i Romkinja.<br \/>\nEvidentna je \u010dinjenica da su u na\u0161em dru\u0161tvu, kako \u017eene s invaliditetom, tako i one koje imaju o\u0161te\u0107en vid, izlo\u017eene vi\u0161estrukoj diskriminaciji, ne samo u javnom \u017eivotu, ve\u0107 i u privatnom \u017eivotu i porodi\u010dnoj zajednici.<\/p>\n<p>\u017dene s invaliditetom, izlo\u017eene su mnogo ve\u0107em riziku od diskriminacije, nasilja, eksploatacije, zlostavljanja, omalova\u017eavanja, u pore\u0111enju s ostalim \u017eenama koje nemaju invaliditet.<br \/>\nDodatno, nasilje nad djevoj\u010dicama s invaliditetom je veoma rijetko, ali na \u017ealost prisutno i u na\u0161em dru\u0161tvu. Ono predstavlja razli\u010dite oblike zanemarivanja po osnovu roda, poni\u017eavanje, skrivanje od o\u010diju javnosti (ova su djeca navodna sramota, balast i optere\u0107enje za porodicu), katkad napu\u0161tanje i zlostavljanje.<br \/>\nDjevoj\u010dice, djevojke i \u017eene o\u0161te\u0107enog vida, bore se sa razli\u010ditim vrstama izazova svakodnevno, a mnoge od njih upravo zbog diskriminatornog stava dru\u0161tva u odnosu na njihove mogu\u0107nosti, nemaju priliku da se ostvare kao uspje\u0161ne poslovne \u017eene, kao majke, kao supruge&#8230; Jednostavno re\u010deno, krive i pogre\u0161ne predstave \u010dlanova zajednice u kojoj ove \u017eene obitavaju, stoje na putu njihovoj sre\u0107i, prosperitetu, ostvarenju ciljeva i \u017eivotnih te\u017enji.<br \/>\nNjihove sposobnosti, vje\u0161tine, znanja, li\u010dni i profesionalni kvaliteti, posmatraju se isklju\u010divo kroz prizmu invaliditeta, odnosno o\u0161te\u0107enja vida.<br \/>\nTo \u0161to su \u017eene, pa jo\u0161 imaju neki drugi vid razli\u010ditosti, koji umjesto da predstavlja bogatstvo, on ih ko\u010di, sputava, \u017eigo\u0161e i \u010desto im bude poput dodatnog \u201ekamena\u201c, kojeg vuku i tegle na svojim, ionako ve\u0107 optere\u0107enim ple\u0107ima. Zato \u017eene s invaliditetom, ukoliko \u017eele da uspiju, da se ostvare na njima va\u017enim \u017eivotnim poljima, jo\u0161 od ranog djetinjstva moraju shvatiti da im treba nadljudska snaga, posebni napori i visok stepen istrajnosti (katkad i tvrdoglavosti) da bi dosegnule to \u0161to \u017eele.<br \/>\nSvakodnevni su primjeri u kojima neko drugi odlu\u010duje \u0161ta je bolje da uradi \u017eena o\u0161te\u0107enog vida u datom trenutku. Upravljanje sopstvenim \u017eivotom nikada ne treba i ne smije da bude predmet interesovanja, uplitanja, savjetovanja od strane drugih lica, bez obzira na bliskost.<br \/>\nI one, ekonomski nezavisne, \u017eene s invaliditetom, \u010desto trpe ekonomsku eksploataciju. \u010clanovi porodice koriste se njihovim ekonomskim dobrima, bez obzira da li se radi o imovini, socijalnim davanjima, zaradi, penziji i sl, i to bez saglasnosti i volje \u017eene s invaliditetom.<\/p>\n<p>Kada je u pitanu izbor zanimanja ili pak izbor partnera, bliski srodnici i prijatelji sebi daju za pravo da uti\u010du na odluke \u017eena s invaliditetom, i to naj\u010de\u0161\u0107e koriste\u0107i se izrazima: \u201cPa ja bolje znam od tebe\u201d, \u201c\u201dNije to za \u017eene\u201d, \u201cOn nije za tebe\u201d, \u201cKako \u0107e\u0161 ti roditi\u201d.<br \/>\nOSNA\u017dIMO \u017dENE S INVALIDITETOM DA PODIGNU SVOJ GLAS PROTIV DISKRIMINACIJE I DISKRIMINATORA.<br \/>\n\u017dENE S INVALIDITETOM MORAJU IMATI JEDNAK PRISTUP SVIM JAVNIM DOBRIMA, SERVISIMA I USLUGAMA!<br \/>\n\u017dENE S INVALIDITETOM NE SMIJU PRISTAJATI NA MANJA PRAVA U ODNOSU NA OSTALE KATEGORIJE DRU\u0160TVA!<br \/>\nSVE \u017dENE S INVALIDITETOM MORAJU RAZVIJATI I KORISTITI U \u0160TO VE\u0106OJ MJERI SVOJE POTENCIJALE, SPOSOBNOSTI, VJE\u0160TINE I ZNANJA, A DA IM DRU\u0160TVENE PREPREKE I DISKRIMINACIJA NE STOJE NA PUTU LI\u010cNE SRE\u0106E, SAMORAZVOJA I OSTVARENJA VIZIJA I \u017dELJA.<\/p>\n<p>Projekat \u201eReforma nacionalnog sistema procjene invaliditeta\u201c finansira Evropska unija, a sprovodi UNDP, u saradnji sa organizacijama civilnog dru\u0161tva koje predstavljaju osobe sa invaliditetom, nadle\u017enim ministarstvima i dr\u017eavnim institucijama. Projektom \u0107e biti uspostavljeno jedinstveno tijelo za procjenu invaliditeta, kao i razvijena nova metodologija zasnovana na modelu ljudskih prava koja \u0107e zamijeniti prevazi\u0111eni dominantno medicinski model procjene invaliditeta u Crnoj Gori. Na ovaj na\u010din osobe sa invaliditetom svoja prava ostvariva\u0107e na pravedniji i jednostavniji na\u010din.<\/p>\n<p>Koordinatorka projekta,<br \/>\nKatarina Bigovi\u0107 Kuli\u0107<\/p>\n<p>SAVEZ SLIJEPIH CRNE GORE<br \/>\nUl.Njego\u0161eva br.6, 81000 Podgorica<\/p>\n<p>Tel: +382 (0)20 665 368, fax: +382 (0)20 665 377<br \/>\nE mail: savezslijepihcg@gmail.com<br \/>\nhttp:\/\/www.ss-cg.org\/ , http:\/\/www.zaposliosi.me\/<\/p>\n","protected":false},"excerpt":{"rendered":"<p>Osnovi diskriminacije mogu biti razli\u010diti i odnositi se na sljede\u0107e: starosnu dob, invaliditet, etni\u010dko, autohtono, nacionalno ili dru\u0161tveno porijeklo, rodni identitet, politi\u010dko ili drugo mi\u0161ljenje,&#8230;<\/p>\n<div class=\"more-link-wrapper\"><a class=\"more-link\" href=\"https:\/\/ss-cg.org\/?p=2965\">Op\u0161irnije<span class=\"screen-reader-text\">OSNA\u017dIMO \u017dENE S INVALIDITETOM DA PODIGNU SVOJ GLAS PROTIV DISKRIMINACIJE I DISKRIMINATORA<\/span><\/a><\/div>\n","protected":false},"author":3,"featured_media":2866,"comment_status":"open","ping_status":"open","sticky":false,"template":"","format":"standard","meta":{"footnotes":""},"categories":[23],"tags":[971,498,28,473,843],"class_list":["post-2965","post","type-post","status-publish","format-standard","has-post-thumbnail","hentry","category-aktuelnosti","tag-diskriminaciju","tag-eu","tag-osi","tag-undp","tag-zene-s-invaliditetom","ratio-2-1","entry"],"_links":{"self":[{"href":"https:\/\/ss-cg.org\/index.php?rest_route=\/wp\/v2\/posts\/2965","targetHints":{"allow":["GET"]}}],"collection":[{"href":"https:\/\/ss-cg.org\/index.php?rest_route=\/wp\/v2\/posts"}],"about":[{"href":"https:\/\/ss-cg.org\/index.php?rest_route=\/wp\/v2\/types\/post"}],"author":[{"embeddable":true,"href":"https:\/\/ss-cg.org\/index.php?rest_route=\/wp\/v2\/users\/3"}],"replies":[{"embeddable":true,"href":"https:\/\/ss-cg.org\/index.php?rest_route=%2Fwp%2Fv2%2Fcomments&post=2965"}],"version-history":[{"count":1,"href":"https:\/\/ss-cg.org\/index.php?rest_route=\/wp\/v2\/posts\/2965\/revisions"}],"predecessor-version":[{"id":2966,"href":"https:\/\/ss-cg.org\/index.php?rest_route=\/wp\/v2\/posts\/2965\/revisions\/2966"}],"wp:featuredmedia":[{"embeddable":true,"href":"https:\/\/ss-cg.org\/index.php?rest_route=\/wp\/v2\/media\/2866"}],"wp:attachment":[{"href":"https:\/\/ss-cg.org\/index.php?rest_route=%2Fwp%2Fv2%2Fmedia&parent=2965"}],"wp:term":[{"taxonomy":"category","embeddable":true,"href":"https:\/\/ss-cg.org\/index.php?rest_route=%2Fwp%2Fv2%2Fcategories&post=2965"},{"taxonomy":"post_tag","embeddable":true,"href":"https:\/\/ss-cg.org\/index.php?rest_route=%2Fwp%2Fv2%2Ftags&post=2965"}],"curies":[{"name":"wp","href":"https:\/\/api.w.org\/{rel}","templated":true}]}}