{"id":2447,"date":"2021-04-19T08:09:59","date_gmt":"2021-04-19T08:09:59","guid":{"rendered":"https:\/\/ss-cg.org\/?p=2447"},"modified":"2021-04-19T08:09:59","modified_gmt":"2021-04-19T08:09:59","slug":"eu-se-mora-boriti-protiv-govora-mrznje-i-zlocina-iz-mrznje-prema-osobama-s-invaliditetom","status":"publish","type":"post","link":"https:\/\/ss-cg.org\/?p=2447","title":{"rendered":"EU se mora boriti protiv govora mr\u017enje i zlo\u010dina iz mr\u017enje prema osobama s invaliditetom"},"content":{"rendered":"<p>Sli\u010dno drugim diskriminisanim osobama u EU, osobe s invaliditetom su u ve\u0107em riziku da postanu \u017ertve govora mr\u017enje i zlo\u010dina iz mr\u017enje. Generalno, osobe s invaliditetom, uklju\u010duju\u0107i \u017eene s invaliditetom i osobe s intelektualnim i psihosocijalnim invaliditetom, izlo\u017eene su ve\u0107em riziku od uznemiravanja, nasilja i kriminala, uklju\u010duju\u0107i i digitalni svijet. Nedavni podaci koje je objavila Agencija za osnovna prava EU otkrili su da je 50% osoba s invaliditetom prijavilo da je uznemiravano tokom perioda od 5 godina (u pore\u0111enju sa 37% osoba bez invaliditeta).<br \/>\nIpak, govor mr\u017enje baziran na invaliditetu i zlo\u010din iz mr\u017enje nisu prepoznati i sankcionisani kao takvi od strane svih dr\u017eava \u010dlanica EU i u zakonu EU. Postoje\u0107e zakonodavstvo EU o govoru mr\u017enje i zlo\u010dinu iz mr\u017enje ne pokriva osnove: invalidnosti, starost, pol i seksualnu orijentaciju.<br \/>\nEvropska komisija trenutno vodi 2 konsultacije na tu temu, da bi potencijalno uvrstila govor mr\u017enje i zlo\u010din iz mr\u017enje na spisak zlo\u010dina EU i dodala nove osnove:<br \/>\n&#8211; Ciljana konsultacija, u obliku upitnika koji tra\u017ei informacije od dr\u017eava \u010dlanica EU i na nivou EU ( rok od 10.aprila produ\u017een do 16.aprila)<br \/>\n&#8211; Op\u0161te konsultacije o inicijativi mape puta (krajni rok 20.april)<br \/>\nEvropski forum za osobe s invaliditetom podsti\u010de organizacije osoba s invaliditetom i pojedince da u\u010destvuju u pokretanju posebnih pitanja sa kojima se suo\u010davaju osobe s invaliditetom.<br \/>\nPredali smo dokument o poziciji sa osnovnim informacijama i preporukama.<br \/>\nPreporu\u010dujemo da EU:<br \/>\n&#8211; Uklju\u010di predstavni\u010dke organizacije osoba s invaliditetom<br \/>\n&#8211; U dizajniranje, razvoj, primjenu i pra\u0107enje inicijativa povezanih sa borbom protiv govora mr\u017enje i zlo\u010dina iz mr\u017enje<br \/>\n&#8211; U dizajniranje, isporuku i pra\u0107enje usluga podr\u0161ke \u017ertvama<br \/>\n&#8211; Pro\u0161iri listu zlo\u010dina u EU tako da obuhvati govor mr\u017enje i zlo\u010din iz mr\u017enje i obuhvati osnove invaliditeta, starost, pol (u skladu sa spiskom osnova za diskriminaciju prema \u010dlanu 19 UEFU).<br \/>\n&#8211; Osigura da minimalna pravila o definiciji krivi\u010dnih djela i sankcija u oblastima govora mr\u017enje i zlo\u010dina iz mr\u017enje uzimaju u obzir pristrasnost zasnovanu na invalidnosti, uklju\u010duju\u0107i digitalni domen, i da invalidnost \u017ertava nikada ne dozvoljava bla\u017ee kazne za po\u010dinioca.<\/p>\n<p>&#8211; Preduzme mjere za unaprije\u0111enje prava \u017ertava s invaliditetom, uklju\u010duju\u0107i obezbje\u0111ivanje da mogu na odgovaraju\u0107i na\u010din prijaviti prekr\u0161aj ili krivi\u010dno djelo nacionalnim vlastima (u svijetlu preporuka EDF-a o Strategiji EU o pravima \u017ertava 2020-2024), i da dobiju pristupa\u010dnu i inkluzivnu podr\u0161ku. Tako\u0111e bi se moglo razmotriti pro\u0161irenje nezavisnih mehanizama izvje\u0161tavanja.<br \/>\n&#8211; Podr\u017ei stvaranje obavezne obuke o pravima osoba s invaliditetom za sve slu\u017ebenike zakona i krivi\u010dnog pravosu\u0111a od strane dr\u017eava \u010dlanica.<br \/>\n&#8211; Prikupi podatke o govoru mr\u017enje i zlo\u010dinu iz mr\u017enje uklju\u010duju\u0107i i onlajn okru\u017eenja, ra\u0161\u010dlanjena prema pristrasnosti motivacije (uklju\u010duju\u0107i pristrasnost invaliditeta), i invaliditetu \u017ertava, polu i starosti.<\/p>\n<p>Prevela: Jovana Draga\u0161evi\u0107<\/p>\n<p>Izvor: <a href=\"https:\/\/www.edf-feph.org\/the-eu-must-combat-disability-hate-speech-and-hate- crime\/\">https:\/\/www.edf-feph.org\/the-eu-must-combat-disability-hate-speech-and-hate-<\/a><\/p>\n","protected":false},"excerpt":{"rendered":"<p>Sli\u010dno drugim diskriminisanim osobama u EU, osobe s invaliditetom su u ve\u0107em riziku da postanu \u017ertve govora mr\u017enje i zlo\u010dina iz mr\u017enje. Generalno, osobe s&#8230;<\/p>\n<div class=\"more-link-wrapper\"><a class=\"more-link\" href=\"https:\/\/ss-cg.org\/?p=2447\">Op\u0161irnije<span class=\"screen-reader-text\">EU se mora boriti protiv govora mr\u017enje i zlo\u010dina iz mr\u017enje prema osobama s invaliditetom<\/span><\/a><\/div>\n","protected":false},"author":3,"featured_media":2448,"comment_status":"open","ping_status":"open","sticky":false,"template":"","format":"standard","meta":{"footnotes":""},"categories":[23],"tags":[498,819,28,32,820],"class_list":["post-2447","post","type-post","status-publish","format-standard","has-post-thumbnail","hentry","category-aktuelnosti","tag-eu","tag-govor-mrznje","tag-osi","tag-sscg","tag-zlocin-iz-mrznje","ratio-2-1","entry"],"_links":{"self":[{"href":"https:\/\/ss-cg.org\/index.php?rest_route=\/wp\/v2\/posts\/2447","targetHints":{"allow":["GET"]}}],"collection":[{"href":"https:\/\/ss-cg.org\/index.php?rest_route=\/wp\/v2\/posts"}],"about":[{"href":"https:\/\/ss-cg.org\/index.php?rest_route=\/wp\/v2\/types\/post"}],"author":[{"embeddable":true,"href":"https:\/\/ss-cg.org\/index.php?rest_route=\/wp\/v2\/users\/3"}],"replies":[{"embeddable":true,"href":"https:\/\/ss-cg.org\/index.php?rest_route=%2Fwp%2Fv2%2Fcomments&post=2447"}],"version-history":[{"count":1,"href":"https:\/\/ss-cg.org\/index.php?rest_route=\/wp\/v2\/posts\/2447\/revisions"}],"predecessor-version":[{"id":2449,"href":"https:\/\/ss-cg.org\/index.php?rest_route=\/wp\/v2\/posts\/2447\/revisions\/2449"}],"wp:featuredmedia":[{"embeddable":true,"href":"https:\/\/ss-cg.org\/index.php?rest_route=\/wp\/v2\/media\/2448"}],"wp:attachment":[{"href":"https:\/\/ss-cg.org\/index.php?rest_route=%2Fwp%2Fv2%2Fmedia&parent=2447"}],"wp:term":[{"taxonomy":"category","embeddable":true,"href":"https:\/\/ss-cg.org\/index.php?rest_route=%2Fwp%2Fv2%2Fcategories&post=2447"},{"taxonomy":"post_tag","embeddable":true,"href":"https:\/\/ss-cg.org\/index.php?rest_route=%2Fwp%2Fv2%2Ftags&post=2447"}],"curies":[{"name":"wp","href":"https:\/\/api.w.org\/{rel}","templated":true}]}}