{"id":1870,"date":"2020-02-20T07:49:01","date_gmt":"2020-02-20T07:49:01","guid":{"rendered":"https:\/\/ss-cg.org\/?p=1870"},"modified":"2021-03-01T07:51:00","modified_gmt":"2021-03-01T07:51:00","slug":"sastanak-sa-predstavnicima-ambasde-kraljevine-norveske","status":"publish","type":"post","link":"https:\/\/ss-cg.org\/?p=1870","title":{"rendered":"Sastanak sa predstavnicima Ambasde Kraljevine Norve\u0161ke"},"content":{"rendered":"<p>Savez slijepih Crne Gore je nevladina, neprofitna organizacija osoba s invaliditetom, koja okuplja oko 1000 osoba o\u0161te\u0107enog vida, a koje su u\u010dlanjene u osam lokalnih organizacija slijepih. Na\u0161e lokalne organizacije \u00a0pokrivaju podru\u010dje svih op\u0161tina u na\u0161oj zemlji. Savez je osnovan 11. aprila 1947. godine na Cetinju, a sada\u0161nje sjedi\u0161te je u Podgorici \u2013 Njego\u0161eva 6. Upisan je u registar nevladinih udru\u017eenja kod Ministarstva unutra\u0161njih poslova i javne uprave Crne Gore dana 18.02.2000. pod rednim brojem 477. Savez ima svoje rukovodne, izvr\u0161ne i nadzorne organe, stalna i povremena radna tijela, Predsjednika i Izvr\u0161nog direktora. Administrativne, finansijske i druge profesionalne poslove, obavlja Stru\u010dna slu\u017eba, koju \u010dine osamnaest zaposlenih (vi\u0161e od polovine zaposlenih u Stru\u010dnoj slu\u017ebi Saveza su \u017eene), anga\u017eovani stru\u010dnjaci, kao i jedan broj volonterskih funkcionera, saradnika i drugih aktivista. Struktura\u00a0 odnosi i funkcionisanje Saveza slijepih Crne Gore utvrdjeni su Statutom kao osnovnim pravnim aktom i nekoliko Pravilnika, kao \u0161to su: Pravilnik o sistematizaciji i unutra\u0161njoj organizaciji stru\u010dne slu\u017ebe, Pravilniku o naknadama i drugim zaradama i drugi Pravilnici. Rad Saveza odvija se po godi\u0161njem programu i finansijskom planu, koje utvrdjuje Skup\u0161tina kao najvi\u0161i organ Saveza. Do 2000 godine, Savez je imao status Udru\u017eenja gra\u0111ana\u00a0 i imao je sistemski rije\u0161eno finansiranje od strane dr\u017eave. Ta \u010dinjenica rezultirala je uspostavljanje zna\u010dajnih ustaljenih aktivnosti koje je uz manje ili vi\u0161e modifikacija sprovodio\u00a0 dugi niz godina.\u00a0 Nakon\u00a0 promjene\u00a0 statusa u nevladinu organizaciju, prestalo je\u00a0 sistemsko finansiranje, ali\u00a0 zahvaljuju\u0107i\u00a0 anga\u017eovanju na prikupljanju sredstava\u00a0 na konkursima za projekte nevladinih organizacija i\u00a0 dijelom sopstvenim prihodima odr\u017ean je kontinuitet u funkcionisanju organizacije. Vizija SSCG: Osobe o\u0161te\u0107enog vida: osna\u017eene, integrisane, i uklju\u010dene u dru\u0161tvo. Misija SSCG je uklju\u010denost osoba o\u0161te\u0107enog vida kroz podsticanje i sprovo\u0111enje aktivnosti koje\u00a0 isti\u010du sposobnosti i ja\u010daju njihovu li\u010dnost u dru\u0161tvenoj zajednici. U prethodnih preko 70 godina Savez je naro\u010dito radio na: pru\u017eanju\u00a0 podr\u0161ke i podsticanju \u010dlanova\u00a0 da se \u0161koluju i posti\u017eu \u0161to ve\u0107i stepen obrazovanja; pru\u017eanju podr\u0161ke i pomo\u0107i pri zapo\u0161ljavanju; nabavci i distribuiranju tiflotehni\u010dkih pomagala na ra\u010dun\u00a0 Fonda PIO, a kasnije Fonda zdravstva i to onih\u00a0 koje je dr\u017eava kroz ova dva sistema\u00a0 finansirala; omogu\u0107avanju\u00a0 besplatnog ili pod povoljnim uslovima, odmora na moru ili planini; organizovanju\u00a0 velikog broja kulturnih doga\u0111aja\u00a0 na kojima su u\u010destvovale osobe o\u0161te\u0107enog vida, kao \u0161to su knji\u017eevne ve\u010deri, koncerti, izlo\u017ebe ru\u010dnih radova i sli\u010dno; organizovanju\u00a0 sportskih aktivnosti i takmi\u010denja, me\u0111u kojima je u proteklom periodu odr\u017eano 56 \u0161ahovskih i 48 atletskih prvenstava osoba sa o\u0161te\u0107enim vidom; izdavanju brajevih i audio \u010dasopisa, me\u0111u kojima je najzna\u010dajniji audio \u010dasopis \u201eZvu\u010dna revija\u201c, koja izlazi ve\u0107 42 godine kao mjese\u010dni \u010dasopis. Ovaj \u010dasopis je ranije izdavan na audio kasetama,\u00a0 a od prije nekoliko godina na CD-u u mp3 formatu. Osim navedenih\u00a0 aktivnosti, Savez je\u00a0 tokom cijelog perioda postojanja\u00a0 stavljao veliki akcenat na me\u0111unarodnu\u00a0 saradnju. Savez je \u010dlan Evropskog i Svjetskog Saveza slijepih, ima predstavnike u nekoliko\u00a0 komisija Evropskog Saveza slijepih, a jedan je i od \u010dlanova Balkanskog konsultativnog odbora koji egzistira unutar Evropskog Saveza vi\u0161e od dvije decenije. Organi \u00a0Saveza slijepih su: Skup\u0161tina, Upravni i Nadzorni odbor. Skup\u0161tina je\u00a0 najve\u0107i organ Saveza, a sastavljena je od 16 \u010dlanova\u00a0\u00a0 &#8211; tj. od po 2 predstavnika lokalnih organizacija slijepih. \u010clanovi koji sa\u010dinjavaju aktuelni saziv Skup\u0161tine su:<\/p>\n<p>Veselin Joketi\u0107, Organizacija slijepih za Bar i Ulcinj<\/p>\n<p>Mitar Djukanovi\u0107, Organizacija slijepih za Bar i Ulcinj Branko Rai\u010devi\u0107, Organizacija slijepih za Berane, Andrijevicu, Plav i Ro\u017eaje<\/p>\n<p>Remzija Ramusovi\u0107, Organizacija slijepih za Berane, Andrijevicu, Plav i Ro\u017eaje<\/p>\n<p>\u0110or\u0111ije \u0160\u0107epanovi\u0107, Organizacija slijepih za Bijelo Polje i Mojkovac<\/p>\n<p>Safet Mehovi\u0107, Organizacija slijepih za Bijelo Polje i Mojkovac<\/p>\n<p>Marija Vujovi\u0107, Organizacija slijepih za Cetinje<\/p>\n<p>Nevenka Banovi\u0107, Organizacija slijepih za Cetinje<\/p>\n<p>Rajko Kne\u017eevi\u0107, Organizacija slijepih za Kotor, Tivat, Herceg-Novi i Budvu<\/p>\n<p>Dunja Samard\u017ei\u0107, Organizacija slijepih za Kotor, Tivat, herceg-Novi i Budvu<\/p>\n<p>Goran Macanovi\u0107, Organizacija slijepih za Nik\u0161i\u0107, \u0160avnik i Plu\u017eine<\/p>\n<p>Veselin Todorovi\u0107, Organizacija slijepih za Nik\u0161i\u0107, \u0160avnik i Plu\u017eine<\/p>\n<p>\u017dana \u0110a\u010di\u0107, Organizacija slijepih za Pljevlja i \u017dabljak<\/p>\n<p>Vuk Krstaji\u0107, Organizacija slijepih za Pljevlja i \u017dabljak<\/p>\n<p>\u010cedo Lazi\u0107, Organizacija slijepih za Podgoricu, Danilovgrad i Kola\u0161in<\/p>\n<p>Radovan Damjanovi\u0107, Organizacija slijepih za Podgoricu, Danilovgrad i Kola\u0161in<\/p>\n<p>Upravni odbor sa\u010dinjen je od \u00a05 \u010dlanova, koji se biraju iz sastava Skup\u0161tine, uz\u00a0 pravilo da se u svakom sazivu Skup\u0161tine\u00a0 rotiraju predstavnici po 4 lokalne organizacije. Upravnim odborom\u00a0 rukovodi Predsjednik, koji je istovremeno i Predsjednik Saveza.<\/p>\n<p>\u010clanovi Upravnog odbora su:<\/p>\n<p>\u017dana \u0110a\u010di\u0107, predsjednica<\/p>\n<p>Veselin Todorovi\u0107, \u010dlan<\/p>\n<p>Remzija Ramusovi\u0107, \u010dlan<\/p>\n<p>Safet Gero Mehovi\u0107, \u010dlan<\/p>\n<p>Marija Vujovi\u0107, \u010dlanica<\/p>\n<p>Nadzorni odbor sastavljen je od 3 \u010dlana koje bira Skup\u0161tina i koji ne mogu biti istovremeno \u010dlanovi\u00a0 drugih organa Saveza.<\/p>\n<p>\u010clanovi \u00a0Nadzornog odbora su:<\/p>\n<p>Predsjednik Mladen Ljubojevi\u0107, \u010dlan<\/p>\n<p>Dijana Jablan, \u010dlanica i Mirsad Dlaki\u0107, \u010dlan<\/p>\n<p>Stru\u010dnom slu\u017ebom rukovodi Izvr\u0161ni direktor, Goran Macanovi\u0107, koji je\u00a0 profesionalno zaposlen u Savezu. Sem Izvr\u0161nog direktora, u Stru\u010dnoj slu\u017ebi\u00a0 zaposleno je jo\u0161 sedamnaest osoba &lt;span style=&#8221;mso-spacerun:<\/p>\n<p>Nevenka Vlahovi\u0107, tehni\u010dka asistentkinja<\/p>\n<p>Nada Vukovi\u0107, administrativna radnica<\/p>\n<p>Katarina Bigovi\u0107, savjetnica za me\u0111unarodnu saradnju<\/p>\n<p>Marijana Mugo\u0161a-\u0160\u0107eki\u0107, savjetnica za pravna pitanja<\/p>\n<p>Mirsad \u0160ahmanovi\u0107, koordinator za kulturne aktivnosti<\/p>\n<p>Milo Kastratovi\u0107, savjetnik za finansije i op\u0161te poslove<\/p>\n<p>D\u017eano Rastoder, glavni i odgovorni urednik \u010dasopisa \u201cZvu\u010dna revija\u201d<\/p>\n<p>Nemanja Vlahovi\u0107, radnik u Brajevoj \u0161tampariji<\/p>\n<p>Marko Nikoli\u0107, administrator portala Zaposliosi.me<\/p>\n<p>Andjela Dragovi\u0107, administratorka portala Zaposliosi.me<\/p>\n<p>Zijadin Pero\u010devi\u0107, radnik u Brajevoj \u0161tampariji<\/p>\n<p>Dragana Lazovi\u0107, radnica u Brajevoj \u0161tampariji<\/p>\n<p>Marijana Goranovi\u0107, novinar radija Feniks<\/p>\n<p>Milojka Tmu\u0161i\u0107,novinar radija Feniks<\/p>\n<p>Dejana Ga\u010devi\u0107, istra\u017eiva\u010d javnog mnjenja<\/p>\n<p>Nikolina Musi\u0107, diplomirani socijalni radnik, pripravnica<\/p>\n<p>Maja Stajovi\u0107, diplomirani psiholog,<\/p>\n<p>Rad Stru\u010dne slu\u017ebe odvija se u slu\u017ebenim prostorijama Saveza u Podgorici, ul. Njego\u0161eva br. 6, koje su u vlasni\u0161tvu Saveza i opremljene su svom potrebnom tehni\u010dkom i drugom opremom za kvalitetan, kreativan i efikasan rad.<\/p>\n","protected":false},"excerpt":{"rendered":"<p>Savez slijepih Crne Gore je nevladina, neprofitna organizacija osoba s invaliditetom, koja okuplja oko 1000 osoba o\u0161te\u0107enog vida, a koje su u\u010dlanjene u osam lokalnih&#8230;<\/p>\n<div class=\"more-link-wrapper\"><a class=\"more-link\" href=\"https:\/\/ss-cg.org\/?p=1870\">Op\u0161irnije<span class=\"screen-reader-text\">Sastanak sa predstavnicima Ambasde Kraljevine Norve\u0161ke<\/span><\/a><\/div>\n","protected":false},"author":3,"featured_media":1449,"comment_status":"open","ping_status":"open","sticky":false,"template":"","format":"standard","meta":{"footnotes":""},"categories":[23],"tags":[663],"class_list":["post-1870","post","type-post","status-publish","format-standard","has-post-thumbnail","hentry","category-aktuelnosti","tag-ambasada-kraljevine-norveske","ratio-2-1","entry"],"_links":{"self":[{"href":"https:\/\/ss-cg.org\/index.php?rest_route=\/wp\/v2\/posts\/1870","targetHints":{"allow":["GET"]}}],"collection":[{"href":"https:\/\/ss-cg.org\/index.php?rest_route=\/wp\/v2\/posts"}],"about":[{"href":"https:\/\/ss-cg.org\/index.php?rest_route=\/wp\/v2\/types\/post"}],"author":[{"embeddable":true,"href":"https:\/\/ss-cg.org\/index.php?rest_route=\/wp\/v2\/users\/3"}],"replies":[{"embeddable":true,"href":"https:\/\/ss-cg.org\/index.php?rest_route=%2Fwp%2Fv2%2Fcomments&post=1870"}],"version-history":[{"count":1,"href":"https:\/\/ss-cg.org\/index.php?rest_route=\/wp\/v2\/posts\/1870\/revisions"}],"predecessor-version":[{"id":1871,"href":"https:\/\/ss-cg.org\/index.php?rest_route=\/wp\/v2\/posts\/1870\/revisions\/1871"}],"wp:featuredmedia":[{"embeddable":true,"href":"https:\/\/ss-cg.org\/index.php?rest_route=\/wp\/v2\/media\/1449"}],"wp:attachment":[{"href":"https:\/\/ss-cg.org\/index.php?rest_route=%2Fwp%2Fv2%2Fmedia&parent=1870"}],"wp:term":[{"taxonomy":"category","embeddable":true,"href":"https:\/\/ss-cg.org\/index.php?rest_route=%2Fwp%2Fv2%2Fcategories&post=1870"},{"taxonomy":"post_tag","embeddable":true,"href":"https:\/\/ss-cg.org\/index.php?rest_route=%2Fwp%2Fv2%2Ftags&post=1870"}],"curies":[{"name":"wp","href":"https:\/\/api.w.org\/{rel}","templated":true}]}}