{"id":1708,"date":"2019-06-14T11:20:56","date_gmt":"2019-06-14T11:20:56","guid":{"rendered":"https:\/\/ss-cg.org\/?p=1708"},"modified":"2021-02-11T11:23:07","modified_gmt":"2021-02-11T11:23:07","slug":"deset-osi-bice-obuceno-za-rad-na-racunaru-i-sprovodjenje-istrazivanja-javnog-mnjenja","status":"publish","type":"post","link":"https:\/\/ss-cg.org\/?p=1708","title":{"rendered":"Deset OSI bi\u0107e obu\u010deno za rad na ra\u010dunaru i sprovo\u0111enje istra\u017eivanja javnog mnjenja"},"content":{"rendered":"<p>U okviru projekta Posao bez barijera, koji sprovodi Centar za monitoring i istra\u017eivanje (CeMI), deset osoba sa invaliditetom (OSI) bi\u0107e obu\u010deno za rad na ra\u010dunaru i sprovo\u0111enje istra\u017eivanja javnog mnjenja, od kojih \u0107e dvoje \u00a0dobiti radni anga\u017eman nakon zavr\u0161etka projekta. Izvr\u0161na direktorica CeMI-ja, Nikoleta \u0110ukanovi\u0107, kazala je da ta organizacija, projekat Posao bez barijera, realizuje u saradnji sa\u00a0 Savezom slijepih Crne Gore (SSCG), uz finansijsku podr\u0161ku Zavoda za zapo\u0161ljavanje Crne Gore (ZZZCG). \u201eU okviru ovog projekta, danas privodimo kraju prvu aktivnost koja se ti\u010de obuke deset OSI, koje su bili na evidenciji ZZZCG kao lica koja su nezaposlena, kako bi ih na adekvatan na\u010din obu\u010dili za rad na ra\u010dunarima i za sprovo\u0111enje istra\u017eivanja javnog mnjenja o polo\u017eaju i zapo\u0161ljavanju OSI u Crnoj Gori\u201c, rekla je \u0110ukanovi\u0107. Prema njenim rije\u010dima, od deset u\u010desnika projekta, \u0161est osoba \u0107e biti zapo\u0161ljeno na \u0161est mjeseci na realizaciji istra\u017eivanja. \u201eOni \u0107e imati priliku, ne samo da sprovode istra\u017eivanje, nego i da rade klju\u010dne nalaze i prezentuju klju\u010dne rezultate istra\u017eivanja medijima. Izuzev ta dva istra\u017eivanja, bi\u0107e anga\u017eovani i na nekim drugim istra\u017eivanjima koje CeMI i SSCG sprovode i planiraju sprovoditi u narednih \u0161est mjeseci\u201c, navela je \u0110ukanovi\u0107. Kako je istakla, projektom je predvi\u0111eno i da od \u0161estoro u\u010desnika projekta, dvoje bude stalno anga\u017eovano nakon projekta. \u201eTako da \u0107emo imati dugoro\u010dnu odr\u017eivost projekata i projektnih rezultata, budu\u0107i da \u0107e dvoje u\u010desnika projekta imati priliku za stalno radno zapo\u0161ljenje\u201c, kazala je \u0110ukanovi\u0107. Ona je navela da je, u okviru projekta, predvi\u0111en i mini video spot koji \u0107e, kako je pojasnila, sadr\u017eati klju\u010dne rezultate projekta i podatke o stavovima gra\u0111ana po pitanju uloge i mogu\u0107nosti za zapo\u0161ljavanje i obrazovanje OSI. \u201eCilj nam je bio da uti\u010demo na same OSI da se zapo\u0161ljavaju, da sti\u010du nova znanja i poznanstva, i da budu vi\u0161e anga\u017eovani kako u oblasti socijalizacija, tako i u oblasti zapo\u0161ljavanja\u201c, istakla je \u0110ukanovi\u0107. Sa druge strane, kako je kazala, istra\u017eivanjem javnog mnjenja i pra\u0107enjem svih projektnih aktivnosti, CeMI \u017eeli da uti\u010de na gra\u0111ane i da njihovu svijest o zapo\u0161ljavanju OSI mijenja. ,,To \u0107emo posebno raditi u odnosu na poslodavce, da imaju ve\u0107u svijest o potrebi zapo\u0161ljavanja OSI, odnosno da im pru\u017ee ravnopravne mogu\u0107nosti, kao i drugim osobama koje nemaju invaliditet\u201c, pojasnila je \u0110ukanovi\u0107. Ona je kazala da projekat traje ukupno deset mjeseci, do prve polovine maja naredne godine. U\u010desnik obuke, Nikola Pajovi\u0107, rekao je da su njegovi motivi za u\u010de\u0161\u0107e u projektu bili sticanje novih poznanstava i novog radnog iskustva, kao i suo\u010davanje sa problemima OSI. \u201eZnanja koja sam stekao tokom obuke su rad na ra\u010dunaru, rad u Wordu, Excelu, komunikacija sa OSI. Moja o\u010dekivanja od projekta su da budem dalje anga\u017eovan u aktivnostima projekta i da nastavim da radim u CeMI-ju\u201c, kazao je Pajovi\u0107.<\/p>\n<p>Izvor: www.cemi.org.me<\/p>\n","protected":false},"excerpt":{"rendered":"<p>U okviru projekta Posao bez barijera, koji sprovodi Centar za monitoring i istra\u017eivanje (CeMI), deset osoba sa invaliditetom (OSI) bi\u0107e obu\u010deno za rad na ra\u010dunaru&#8230;<\/p>\n<div class=\"more-link-wrapper\"><a class=\"more-link\" href=\"https:\/\/ss-cg.org\/?p=1708\">Op\u0161irnije<span class=\"screen-reader-text\">Deset OSI bi\u0107e obu\u010deno za rad na ra\u010dunaru i sprovo\u0111enje istra\u017eivanja javnog mnjenja<\/span><\/a><\/div>\n","protected":false},"author":3,"featured_media":1449,"comment_status":"open","ping_status":"open","sticky":false,"template":"","format":"standard","meta":{"footnotes":""},"categories":[23],"tags":[609,610],"class_list":["post-1708","post","type-post","status-publish","format-standard","has-post-thumbnail","hentry","category-aktuelnosti","tag-rad-na-racunaru","tag-sprovodjenje-istrazivanja-javnog-mnjenja","ratio-2-1","entry"],"_links":{"self":[{"href":"https:\/\/ss-cg.org\/index.php?rest_route=\/wp\/v2\/posts\/1708","targetHints":{"allow":["GET"]}}],"collection":[{"href":"https:\/\/ss-cg.org\/index.php?rest_route=\/wp\/v2\/posts"}],"about":[{"href":"https:\/\/ss-cg.org\/index.php?rest_route=\/wp\/v2\/types\/post"}],"author":[{"embeddable":true,"href":"https:\/\/ss-cg.org\/index.php?rest_route=\/wp\/v2\/users\/3"}],"replies":[{"embeddable":true,"href":"https:\/\/ss-cg.org\/index.php?rest_route=%2Fwp%2Fv2%2Fcomments&post=1708"}],"version-history":[{"count":1,"href":"https:\/\/ss-cg.org\/index.php?rest_route=\/wp\/v2\/posts\/1708\/revisions"}],"predecessor-version":[{"id":1709,"href":"https:\/\/ss-cg.org\/index.php?rest_route=\/wp\/v2\/posts\/1708\/revisions\/1709"}],"wp:featuredmedia":[{"embeddable":true,"href":"https:\/\/ss-cg.org\/index.php?rest_route=\/wp\/v2\/media\/1449"}],"wp:attachment":[{"href":"https:\/\/ss-cg.org\/index.php?rest_route=%2Fwp%2Fv2%2Fmedia&parent=1708"}],"wp:term":[{"taxonomy":"category","embeddable":true,"href":"https:\/\/ss-cg.org\/index.php?rest_route=%2Fwp%2Fv2%2Fcategories&post=1708"},{"taxonomy":"post_tag","embeddable":true,"href":"https:\/\/ss-cg.org\/index.php?rest_route=%2Fwp%2Fv2%2Ftags&post=1708"}],"curies":[{"name":"wp","href":"https:\/\/api.w.org\/{rel}","templated":true}]}}