{"id":155,"date":"2019-11-26T13:22:00","date_gmt":"2019-11-26T13:22:00","guid":{"rendered":"https:\/\/ss-cg.org\/?p=155"},"modified":"2021-01-12T12:32:40","modified_gmt":"2021-01-12T12:32:40","slug":"saopstenje-medunarodni-koncert-orkestra-saveza-slijepih-crne-gore","status":"publish","type":"post","link":"https:\/\/ss-cg.org\/?p=155","title":{"rendered":"Saop\u0161tenje \u2013 me\u0111unarodni koncert Orkestra Saveza slijepih Crne Gore"},"content":{"rendered":"<p>Orkestar Saveza slijepih Crne Gore je u ponedjeljak 25.11.2019. u punoj Sali Kic-a Budo Tomovi\u0107, odr\u017eao me\u0111unarodni koncert. Publika, koju su sa\u010dinjavale sve generacije je u skoro dvo\u010dasovnom programu imala priliku da u\u017eiva u prvoj autorskoj pjesmi orkestra \u201eSvjetlost du\u0161e\u201c, kao i u razli\u010ditim pop, rok i etno kompozicijama.<br \/>\nPored pomenutog vokalno instrumentalnog sastava, koji sa\u010dinjavaju \u010dlanovi Saveza i njihovi prijatelji, program su svojim u\u010de\u0161\u0107em upotpunili i gosti iz Srbije i Makedonije gdje je orkestar zapa\u017eeno nastupio u maju, odnosno oktobru.<br \/>\nNa samom po\u010detku, publika je imala priliku da poslu\u0161a prvu autorsku pjesmu orkestra \u201eSvjetlost du\u0161e\u201c u izvo\u0111enju Veselina Vukovi\u0107a. Nakon Veselina, uslijedile su kompozicije Pamti me I Vlak Aleksandre Radovi\u0107, koje je otpjevala Nikolina Arapovi\u0107. An\u0111ela Dragovi\u0107 se opredijelila za pjesme Menjam dane grupe Frajle i Da mi je znati grupe Makadam. Pjesmu Feli\u0107ita otpjevale su Nikolina Arapovi\u0107, An\u0111ela Dragovi\u0107 i Bojana Ota\u0161evi\u0107. Veselin Vukovi\u0107 se predstavio kompozicijama Opet krivi tip Miladina \u0160obi\u0107a i Ku\u0107a puna naroda Zdravka \u010coli\u0107a. Montenegro D\u017eez grupe Perper je kompozicija koju je za ovu priliku odabrao Milo Kastratovi\u0107. Nakon kompozicija u rok i pop maniru uslijedio je set izvornih, etno pjesama. Bojana Ota\u0161evi\u0107 se opredijelila za pjesmu Gajtano mome mori, dok je Ranko Magov\u010devi\u0107 otpjevao pjesmu Pro\u0111oh skoro Crnom Gorom. Etno kompozicijom se predstavila i Nikolina Arapovi\u0107, i to pjesmom Marijo \u0107ero mori. Tradicionalnom crnogorskom pjesmom Tamo \u0111e se gusle \u010duju, predstavio se Dragan Kankara\u0161. An\u0111ela Dragovi\u0107 je otpjevala Pod gorom se \u0161etalo devoj\u010de. Nakon An\u0111ele, publici su se predstavili gosti iz Srbije i Makedonije.<br \/>\nSlobodan Dujki\u0107 iz Srbije publici se predstavio pjesmama Jedna reka u mom kraju Novice Negovanovi\u0107a i Ko te ima taj te nema Zvonka Bogdana.<br \/>\nGost iz Makedonije, \u017danko Stankov je otpjevao svoje autorske pjesme Doktore i \u017delezar. Svoj doprinos u interpretiranju ovog melosa dao je i Veselin Vukovi\u0107, otpjevav\u0161i Ja bez tebe ne mogu da \u017eivim Halida Be\u0161li\u0107a. Branko Banjo Nikoli\u0107 je ostao dosledan narodnoj muzici, i za ovu priliku otpjevao pjesme Sliku tvoju ljubim Predraga \u017divkovi\u0107a Tozovca i Napuni \u010da\u0161e djevojko lijepa Nikole Karovi\u0107a.<br \/>\nZa kraj, pjesmu Sve smo mogli mi Jadranke Stojakovi\u0107 otpjevala je Bojana Ota\u0161evi\u0107.<br \/>\nPublika je u\u017eivala u razvnovrsnom repertoaru, ugodnoj atmosferi, a izvo\u0111a\u010de je nakon svakog nastupa nagra\u0111ivala aplauzom. Program je vodila Du\u0161ica Vugdeli\u0107. Ovaj koncert je dio projekta \u201eMuzikom ka inkluziji\u201c koji Savez slijepih realizuje uz podr\u0161ku Ministarstva kulture.<\/p>\n","protected":false},"excerpt":{"rendered":"<p>Orkestar Saveza slijepih Crne Gore je u ponedjeljak 25.11.2019. u punoj Sali Kic-a Budo Tomovi\u0107, odr\u017eao me\u0111unarodni koncert. Publika, koju su sa\u010dinjavale sve generacije je&#8230;<\/p>\n<div class=\"more-link-wrapper\"><a class=\"more-link\" href=\"https:\/\/ss-cg.org\/?p=155\">Op\u0161irnije<span class=\"screen-reader-text\">Saop\u0161tenje \u2013 me\u0111unarodni koncert Orkestra Saveza slijepih Crne Gore<\/span><\/a><\/div>\n","protected":false},"author":1,"featured_media":1195,"comment_status":"open","ping_status":"open","sticky":false,"template":"","format":"standard","meta":{"footnotes":""},"categories":[23,25],"tags":[31,32],"class_list":["post-155","post","type-post","status-publish","format-standard","has-post-thumbnail","hentry","category-aktuelnosti","category-projekti","tag-koncert","tag-sscg","ratio-2-1","entry"],"_links":{"self":[{"href":"https:\/\/ss-cg.org\/index.php?rest_route=\/wp\/v2\/posts\/155","targetHints":{"allow":["GET"]}}],"collection":[{"href":"https:\/\/ss-cg.org\/index.php?rest_route=\/wp\/v2\/posts"}],"about":[{"href":"https:\/\/ss-cg.org\/index.php?rest_route=\/wp\/v2\/types\/post"}],"author":[{"embeddable":true,"href":"https:\/\/ss-cg.org\/index.php?rest_route=\/wp\/v2\/users\/1"}],"replies":[{"embeddable":true,"href":"https:\/\/ss-cg.org\/index.php?rest_route=%2Fwp%2Fv2%2Fcomments&post=155"}],"version-history":[{"count":4,"href":"https:\/\/ss-cg.org\/index.php?rest_route=\/wp\/v2\/posts\/155\/revisions"}],"predecessor-version":[{"id":173,"href":"https:\/\/ss-cg.org\/index.php?rest_route=\/wp\/v2\/posts\/155\/revisions\/173"}],"wp:featuredmedia":[{"embeddable":true,"href":"https:\/\/ss-cg.org\/index.php?rest_route=\/wp\/v2\/media\/1195"}],"wp:attachment":[{"href":"https:\/\/ss-cg.org\/index.php?rest_route=%2Fwp%2Fv2%2Fmedia&parent=155"}],"wp:term":[{"taxonomy":"category","embeddable":true,"href":"https:\/\/ss-cg.org\/index.php?rest_route=%2Fwp%2Fv2%2Fcategories&post=155"},{"taxonomy":"post_tag","embeddable":true,"href":"https:\/\/ss-cg.org\/index.php?rest_route=%2Fwp%2Fv2%2Ftags&post=155"}],"curies":[{"name":"wp","href":"https:\/\/api.w.org\/{rel}","templated":true}]}}