{"id":1459,"date":"2019-07-25T09:21:20","date_gmt":"2019-07-25T09:21:20","guid":{"rendered":"https:\/\/ss-cg.org\/?p=1459"},"modified":"2021-02-03T09:24:07","modified_gmt":"2021-02-03T09:24:07","slug":"macanovic-status-osoba-sa-invaliditetom-nije-zadovoljavajuci","status":"publish","type":"post","link":"https:\/\/ss-cg.org\/?p=1459","title":{"rendered":"Macanovi\u0107, status osoba sa invaliditetom nije zadovoljavaju\u0107i"},"content":{"rendered":"<p>Podgorica, (MINA) \u2013 Status osoba sa invaliditetom (OSI) u Crnoj Gori nije na zadovoljavaju\u0107em nivou, ali je, u pore\u0111enju sa periodom od prije desetak godina, njihov polo\u017eaj unaprije\u0111en, ocijenio je izvr\u0161ni direktor Saveza slijepih Crne Gore, Goran Macanovi\u0107. On smatra da je najve\u0107i napredak postignut na normativnom nivou usvajanjem niza zakona u kojima su propisana prava OSI.\u00a0 \u201cNjihova primjena u praksi je nezadovoljavaju\u0107a\u201d, kazao je Macanovi\u0107 u intervjuu agenciji MINA. On je upozorio da skoro da nema oblasti u kome se OSI ne suo\u010davaju sa preprekama u svakodnevnom \u017eivotu. \u201cIstakao bih problem (ne)pristupa\u010dnosti kao jedan od najve\u0107ih prepreka. Ne mislim samo na postojanje rampe za korisnike invalidskih kolica i eventualno lift u nekom objektu, ve\u0107 nepristupa\u010dnost u \u0161irem smislu \u2013 pristup objektima u javnoj upotrebi, javnim povr\u0161inama, informacijama, komunikacijama\u201d, kazao je Macanovi\u0107. Kako je ocijenio, sve dok se OSI budu suo\u010davali sa nepristupa\u010dnostima okru\u017eenja, informacija i komunikacija, te\u0161ko je o\u010dekivati napretke u ostalim oblastima \u017eivota.\u00a0 Odgovaraju\u0107i na pitanje da li je zadovoljan podr\u0161kom nadle\u017enih institucija, Macanovi\u0107 je kazao da na\u017ealost ne mo\u017ee dati potpuno afirmativan odgovor.\u00a0 \u201cSaradnja i podr\u0161ka institucija \u010desto zavisi od pojedinaca koji se trenutno nalaze na rukovode\u0107im pozicijama. Podr\u0161ka je prisutna tamo gdje postoji razumijevanje donosioca odluka o pravima OSI, dok je lo\u0161a i ne postoji tamo gdje rukovodioci organa nijesu dovoljno senzibilisani za OSI\u201d, rekao je on. On je kao pozitivan primjer naveo saradnju Ministarstva sporta i Paraolimpijskog komiteta Crne Gore (POKCG).\u00a0 \u201cTo se reflektovalo i kroz zna\u010dajnu poziciju POKCG koju je dobio u Zakonu o sportu i kontinuiranom pove\u0107anju sredstava za finansiranje sporta za OSI\u201d, kazao je Macanovi\u0107.\u00a0 On smatra da uspjesi paraolimpijaca u prethodnim godinama zna\u010dajno doprinijeli podizanju svijesti javnosti o mogu\u0107nostima OSI, \u201ca razvijena svijest je preduslov i za sve ostale aktivnosti na pobolj\u0161anju \u017eivota OSI\u201d. \u201cOsim uticaja na unaprje\u0111enje statusa OSI, paraolimpijci su svojim aktivnostima u najboljem svijetlu promovisali Crnu Goru i na taj na\u010din doprinosili i razvoju cjelokupnog crnogorskog dru\u0161tva\u201d, rekao je Macanovi\u0107. On je pohvalio to \u0161to Ministarstvo sporta stalno unapre\u0111uje podr\u0161ku paraolimpizmu u Crnoj Gori i ocijenio da broj sportova i sportista koji se bave paraolimpizmom zahtijevaju jo\u0161 ve\u0107u podr\u0161ku. \u201cSport OSI je specifi\u010dan po mnogome, a naro\u010dito po nedovoljnoj bazi koja bi omogu\u0107ila organizovanje kvalitetnih takmi\u010denja u okviru Crne Gore, pa su paraolimpijci prinu\u0111eni da u\u010de\u0161\u0107em na raznim takmi\u010denjima na regionalnom i evropskom nivou unapre\u0111uju svoj kvalitet\u201d, kazao je Macanovi\u0107.\u00a0 To, smatra on, zahtijeva zna\u010dajna sredstva, uzimaju\u0107i u obzir i to \u0161to OSI zbog nepristupa\u010dnosti \u010desto ne mogu koristiti javni prevoz ve\u0107 prilago\u0111ena vozila, moraju boraviti u pristupa\u010dnim smje\u0161tajnim objektima koji su po pravilu znatno skuplji.\u00a0 On je naglasio da je mali je broj sportskih objekata koji su pristupa\u010dni za OSI. \u201cNajve\u0107i problem je \u0161to za odre\u0111ene sportove nema adekvatnih uslova za trening pa sportisti sa invaliditetom, uprkos potencijalu, \u010desto ne mogu da daju maksimum na zvani\u010dnim takmi\u010denjima\u201d, kazao je Macanovi\u0107.\u00a0 On je kao primjer naveo golbal kao paraolimpijsku disciplinu namijenjenu osobama sa o\u0161te\u0107enim vidom. \u201cTaj sport se igra u sali na tarafleks podlozi, a u Crnoj Gori skoro da nema sportske hale u kojoj se nalazi tarafleks. Jedini golbal klub je u Nik\u0161i\u0107u, koji nema salu u kojoj se nalazi ta ili sli\u010dna podloga. Zato smo prinu\u0111eni da treniramo na parketu gdje je mnogo sporija podloga. Kada se pojavimo na zvani\u010dnom takmi\u010denju imamo pote\u0161ko\u0107e sa prilago\u0111avanjem na novu podlogu\u201d, kazao je Macanovi\u0107.\u00a0 On smatra da bi Ministarstvo sporta i ostali nadle\u017eni organi trebali da planiraju da, razvojem sportske infrastrukture, pomognu POKCG da izgradi sportski objekat koji bi u potpunosti odgovarao potrebama svih sportova koje koriste OSI Tekst je napisan uz finansijsku podr\u0161ku Ambasade Sjedinjenih Ameri\u010dkih Dr\u017eava (SAD) kroz realizaciju projekta \u201cRereading \u2013 Rewriting. Improving media literacy in Montenegro\u201d. Sadr\u017eaj je isklju\u010diva odgovornost agencije MINA i ne mora nu\u017eno odra\u017eavati stavove SAD. Tekst se mo\u017ee preuzimati uz obavezno navo\u0111enje izvora.<\/p>\n","protected":false},"excerpt":{"rendered":"<p>Podgorica, (MINA) \u2013 Status osoba sa invaliditetom (OSI) u Crnoj Gori nije na zadovoljavaju\u0107em nivou, ali je, u pore\u0111enju sa periodom od prije desetak godina,&#8230;<\/p>\n<div class=\"more-link-wrapper\"><a class=\"more-link\" href=\"https:\/\/ss-cg.org\/?p=1459\">Op\u0161irnije<span class=\"screen-reader-text\">Macanovi\u0107, status osoba sa invaliditetom nije zadovoljavaju\u0107i<\/span><\/a><\/div>\n","protected":false},"author":3,"featured_media":846,"comment_status":"open","ping_status":"open","sticky":false,"template":"","format":"standard","meta":{"footnotes":""},"categories":[23],"tags":[28,530,529],"class_list":["post-1459","post","type-post","status-publish","format-standard","has-post-thumbnail","hentry","category-aktuelnosti","tag-osi","tag-pokcg","tag-status-osoba-sa-invaliditetom-nije-zadovoljavajuci","ratio-2-1","entry"],"_links":{"self":[{"href":"https:\/\/ss-cg.org\/index.php?rest_route=\/wp\/v2\/posts\/1459","targetHints":{"allow":["GET"]}}],"collection":[{"href":"https:\/\/ss-cg.org\/index.php?rest_route=\/wp\/v2\/posts"}],"about":[{"href":"https:\/\/ss-cg.org\/index.php?rest_route=\/wp\/v2\/types\/post"}],"author":[{"embeddable":true,"href":"https:\/\/ss-cg.org\/index.php?rest_route=\/wp\/v2\/users\/3"}],"replies":[{"embeddable":true,"href":"https:\/\/ss-cg.org\/index.php?rest_route=%2Fwp%2Fv2%2Fcomments&post=1459"}],"version-history":[{"count":1,"href":"https:\/\/ss-cg.org\/index.php?rest_route=\/wp\/v2\/posts\/1459\/revisions"}],"predecessor-version":[{"id":1460,"href":"https:\/\/ss-cg.org\/index.php?rest_route=\/wp\/v2\/posts\/1459\/revisions\/1460"}],"wp:featuredmedia":[{"embeddable":true,"href":"https:\/\/ss-cg.org\/index.php?rest_route=\/wp\/v2\/media\/846"}],"wp:attachment":[{"href":"https:\/\/ss-cg.org\/index.php?rest_route=%2Fwp%2Fv2%2Fmedia&parent=1459"}],"wp:term":[{"taxonomy":"category","embeddable":true,"href":"https:\/\/ss-cg.org\/index.php?rest_route=%2Fwp%2Fv2%2Fcategories&post=1459"},{"taxonomy":"post_tag","embeddable":true,"href":"https:\/\/ss-cg.org\/index.php?rest_route=%2Fwp%2Fv2%2Ftags&post=1459"}],"curies":[{"name":"wp","href":"https:\/\/api.w.org\/{rel}","templated":true}]}}