{"id":1440,"date":"2019-07-22T08:37:49","date_gmt":"2019-07-22T08:37:49","guid":{"rendered":"https:\/\/ss-cg.org\/?p=1440"},"modified":"2021-02-03T09:03:11","modified_gmt":"2021-02-03T09:03:11","slug":"odrzana-fokus-grupa-o-samostalnom-zivotu-i-kretanju-osoba-ostecenog-vida-iz-niksica","status":"publish","type":"post","link":"https:\/\/ss-cg.org\/?p=1440","title":{"rendered":"Odr\u017eana fokus grupa o samostalnom \u017eivotu i kretanju osoba o\u0161te\u0107enog vida iz Nik\u0161i\u0107a"},"content":{"rendered":"<p>U ponedeljak 22. jula odr\u017eana je fokus grupa o samostalnom \u017eivotu, kretanju osoba o\u0161te\u0107enog vida iz Nik\u0161i\u0107a. Fokus grupu vodile su Nikolina Musi\u0107 i ,. Fokus grupe su dio aktivnosti projekta &#8220;Kroz \u017eivot samostalno&#8221;, koji je finansijski podr\u017ean od Ministarstva rada i socijalnog staranja.<\/p>\n","protected":false},"excerpt":{"rendered":"<p>U ponedeljak 22. jula odr\u017eana je fokus grupa o samostalnom \u017eivotu, kretanju osoba o\u0161te\u0107enog vida iz Nik\u0161i\u0107a. Fokus grupu vodile su Nikolina Musi\u0107 i ,.&#8230;<\/p>\n<div class=\"more-link-wrapper\"><a class=\"more-link\" href=\"https:\/\/ss-cg.org\/?p=1440\">Op\u0161irnije<span class=\"screen-reader-text\">Odr\u017eana fokus grupa o samostalnom \u017eivotu i kretanju osoba o\u0161te\u0107enog vida iz Nik\u0161i\u0107a<\/span><\/a><\/div>\n","protected":false},"author":3,"featured_media":846,"comment_status":"open","ping_status":"open","sticky":false,"template":"","format":"standard","meta":{"footnotes":""},"categories":[23],"tags":[524,269,282],"class_list":["post-1440","post","type-post","status-publish","format-standard","has-post-thumbnail","hentry","category-aktuelnosti","tag-fokus-grupa-o-samostalnom-zivotu","tag-maja-stajovic","tag-nikolina-music","ratio-2-1","entry"],"_links":{"self":[{"href":"https:\/\/ss-cg.org\/index.php?rest_route=\/wp\/v2\/posts\/1440","targetHints":{"allow":["GET"]}}],"collection":[{"href":"https:\/\/ss-cg.org\/index.php?rest_route=\/wp\/v2\/posts"}],"about":[{"href":"https:\/\/ss-cg.org\/index.php?rest_route=\/wp\/v2\/types\/post"}],"author":[{"embeddable":true,"href":"https:\/\/ss-cg.org\/index.php?rest_route=\/wp\/v2\/users\/3"}],"replies":[{"embeddable":true,"href":"https:\/\/ss-cg.org\/index.php?rest_route=%2Fwp%2Fv2%2Fcomments&post=1440"}],"version-history":[{"count":1,"href":"https:\/\/ss-cg.org\/index.php?rest_route=\/wp\/v2\/posts\/1440\/revisions"}],"predecessor-version":[{"id":1441,"href":"https:\/\/ss-cg.org\/index.php?rest_route=\/wp\/v2\/posts\/1440\/revisions\/1441"}],"wp:featuredmedia":[{"embeddable":true,"href":"https:\/\/ss-cg.org\/index.php?rest_route=\/wp\/v2\/media\/846"}],"wp:attachment":[{"href":"https:\/\/ss-cg.org\/index.php?rest_route=%2Fwp%2Fv2%2Fmedia&parent=1440"}],"wp:term":[{"taxonomy":"category","embeddable":true,"href":"https:\/\/ss-cg.org\/index.php?rest_route=%2Fwp%2Fv2%2Fcategories&post=1440"},{"taxonomy":"post_tag","embeddable":true,"href":"https:\/\/ss-cg.org\/index.php?rest_route=%2Fwp%2Fv2%2Ftags&post=1440"}],"curies":[{"name":"wp","href":"https:\/\/api.w.org\/{rel}","templated":true}]}}