{"id":1241,"date":"2019-10-19T10:55:58","date_gmt":"2019-10-19T10:55:58","guid":{"rendered":"https:\/\/ss-cg.org\/?p=1241"},"modified":"2021-01-15T11:00:55","modified_gmt":"2021-01-15T11:00:55","slug":"obiljezavanje-na-brajevom-pismu-izvodljivo-i-nije-skupo","status":"publish","type":"post","link":"https:\/\/ss-cg.org\/?p=1241","title":{"rendered":"Obilje\u017eavanje na Brajevom pismu izvodljivo i nije skupo"},"content":{"rendered":"<p class=\"lead\">Argumenti trgovaca da je obilje\u017eavanje proizvoda na Brajevom pismu skupo i tehni\u010dki neizvodljivo su neopravdani, kazali su iz Saveza slijepih Crne Gore i dodali da o\u010dekuju da zakonska norma kojom je to propisano ne\u0107e biti ukinuta na \u0161tetu ljudskih prava.<\/p>\n<p class=\"lead\">Trgovici od po\u010detka 2017. godine do danas prosje\u010deno tro\u0161ili po manje od 100 eura mjese\u010dno za obilje\u017eavanje proizvoda: Ilustracija (Pixabay)<\/p>\n<p>Zakonom o za\u0161titi potro\u0161a\u010da se propisuje obaveza obilje\u017eavanja informacija o proizvodima na Brajevom pismu.<\/p>\n<p>Pravilnik o listi i na\u010dinu obilje\u017eavanja proizvoda je vi\u0161e puta revidiran i posljednjim izmjenama je pro\u0161iren broj proizvoda na sredstva za li\u010dnu i higijenu prostora.<\/p>\n<p>Pravilnik je stupio na snagu krajem jula, ali je nedavno na sjednici skup\u0161tinskog Odbora za ekonomiju, finansije i bud\u017eet najavljen amandman kojim bi ta norma bila izbrisana iz Zakona.<\/p>\n<p>Izvr\u0161ni direktor Saveza slijepih, Goran Macanovi\u0107, rekao je agenciji Mina da \u0107e povodom amandmana razgovarati sa crnogorskim poslanicima i dodao da o\u010dekuje da Ministarstvo ekonomije ne\u0107e prihvatiti ukidanje zakonske norme.<\/p>\n<p>&#8220;Ali znate kako se kod nas stvari de\u0161avaju, privreda ima ekonomsku mo\u0107 i ne bi me za\u010dudilo da to pro\u0111e na u\u0161trb ljudskih prava\u201c, dodao je Macanovi\u0107.<\/p>\n<p>Generalni direktor Direktorata za razvoj nacionalnog brenda i za\u0161titu potro\u0161a\u010da, Jovo Rabrenovi\u0107, rekao je da Ministarstvo nije za, niti protiv te norme, nego samo za za\u0161titu potro\u0161a\u010da.<\/p>\n<p>On je rekao da razumije optere\u0107enje trgovaca da na ogromnom broju proizvoda istaknu obavje\u0161tenje, ali da je, sa druge strane, rije\u010d o ljudskim pravima koja su nedjeljiva, bilo da je u pitanju jedan potro\u0161a\u010d ili hiljade.<\/p>\n<p>Rabrenovi\u0107 je kazao da nijesu zvani\u010dno dobili amandaman i da \u0107e se izjasniti kada vide njegovu sadr\u017einu.<\/p>\n<p>On smatra da su u ovom trenutku potro\u0161a\u010di mnogo va\u017eniji od dodatnog prihoda trgovina za koji smatraju da \u0107e izgubiti i da je najva\u017eniji razgovor izme\u0111u trgovaca i potro\u0161a\u010da.<\/p>\n<p>&#8220;Jedino rje\u0161enje je kompromis koji \u0107e biti odgovaraju\u0107i i jednoj i drugoj stranu i do njega je uvijek mogu\u0107e do\u0107i ukoliko postoji volja. Svako rje\u0161enje koje \u0107e brisati ne\u0161to potpuno na \u0161tetu jedne ili dodatno opteretiti drugu stranu nije odr\u017eivo i ne mo\u017ee dugo da traje\u201c, istakao je Rabrenovi\u0107.<\/p>\n<p>Ta norma je u Zakon o za\u0161titi potro\u0161a\u010da do\u0161la 2013. godine amandmanskim djelovanjem poslanika Liberalne partije (LP) Andrije Popovi\u0107a.<\/p>\n<p>Popovi\u0107 je rekao da vjeruje da najavljena inicijativa Privredne komore za podno\u0161enje amandmana na izmjene Zakona o za\u0161titi potro\u0161a\u010da i o normi koja obavezuje trgovce da informacije o proizvodima obilje\u017eavanja na Brajevom pismu, ne\u0107e dobiti ve\u0107insku podr\u0161ku u Skup\u0161tini.<\/p>\n<p>&#8220;Bilo bi katastrofalno da se taj dostignuti standard ukine, i ponovo dovedu u neravnopravan polo\u017eaj osobe sa invaliditetom\u201c, ocijenio je Popovi\u0107.<\/p>\n<p>Macanovi\u0107 je podsjetio da Konvencija o pravima osoba sa invaliditetom i Zakon o zabrani diskriminacije lica sa invaliditetom propisuje obavezu da se informacije u\u010dine dostupnim OSI, u ovom slu\u010daju sa o\u0161te\u0107enim vidom.<\/p>\n<p>&#8220;Tako da ta norma nije suprotna nekim prinicipima ljudskih prava\u201c, istakao je Macanovi\u0107 i dodao da su tra\u017eili da na Brajevom pismu bude obilje\u017een \u0161iri krug proizvoda, ali da im je prihvatljivo da to budu i sredstva za higijenu.<\/p>\n<p>On je rekao da je analiza koju su u Savezu uradili pokazala da su trgovici od po\u010detka 2017. godine do danas prosje\u010deno tro\u0161ili po manje od 100 eura mjese\u010dno za obilje\u017eavanje proizvoda.<\/p>\n<p>&#8220;To pokazuje da ne stoji pri\u010da da je to finansijski teret za njih, i da je sa druge strane tehni\u010dki neizvodljivo\u201c, rekao je Macanovi\u0107.<\/p>\n","protected":false},"excerpt":{"rendered":"<p>Argumenti trgovaca da je obilje\u017eavanje proizvoda na Brajevom pismu skupo i tehni\u010dki neizvodljivo su neopravdani, kazali su iz Saveza slijepih Crne Gore i dodali da&#8230;<\/p>\n<div class=\"more-link-wrapper\"><a class=\"more-link\" href=\"https:\/\/ss-cg.org\/?p=1241\">Op\u0161irnije<span class=\"screen-reader-text\">Obilje\u017eavanje na Brajevom pismu izvodljivo i nije skupo<\/span><\/a><\/div>\n","protected":false},"author":3,"featured_media":1242,"comment_status":"open","ping_status":"open","sticky":false,"template":"","format":"standard","meta":{"footnotes":""},"categories":[23],"tags":[44,71,43,48],"class_list":["post-1241","post","type-post","status-publish","format-standard","has-post-thumbnail","hentry","category-aktuelnosti","tag-brajevo-pismo","tag-goran-macanovic","tag-obiljezavanje-proizvoda","tag-savez-slijepih-crne-gore","ratio-2-1","entry"],"_links":{"self":[{"href":"https:\/\/ss-cg.org\/index.php?rest_route=\/wp\/v2\/posts\/1241","targetHints":{"allow":["GET"]}}],"collection":[{"href":"https:\/\/ss-cg.org\/index.php?rest_route=\/wp\/v2\/posts"}],"about":[{"href":"https:\/\/ss-cg.org\/index.php?rest_route=\/wp\/v2\/types\/post"}],"author":[{"embeddable":true,"href":"https:\/\/ss-cg.org\/index.php?rest_route=\/wp\/v2\/users\/3"}],"replies":[{"embeddable":true,"href":"https:\/\/ss-cg.org\/index.php?rest_route=%2Fwp%2Fv2%2Fcomments&post=1241"}],"version-history":[{"count":1,"href":"https:\/\/ss-cg.org\/index.php?rest_route=\/wp\/v2\/posts\/1241\/revisions"}],"predecessor-version":[{"id":1243,"href":"https:\/\/ss-cg.org\/index.php?rest_route=\/wp\/v2\/posts\/1241\/revisions\/1243"}],"wp:featuredmedia":[{"embeddable":true,"href":"https:\/\/ss-cg.org\/index.php?rest_route=\/wp\/v2\/media\/1242"}],"wp:attachment":[{"href":"https:\/\/ss-cg.org\/index.php?rest_route=%2Fwp%2Fv2%2Fmedia&parent=1241"}],"wp:term":[{"taxonomy":"category","embeddable":true,"href":"https:\/\/ss-cg.org\/index.php?rest_route=%2Fwp%2Fv2%2Fcategories&post=1241"},{"taxonomy":"post_tag","embeddable":true,"href":"https:\/\/ss-cg.org\/index.php?rest_route=%2Fwp%2Fv2%2Ftags&post=1241"}],"curies":[{"name":"wp","href":"https:\/\/api.w.org\/{rel}","templated":true}]}}