{"id":1151,"date":"2020-12-18T11:37:37","date_gmt":"2020-12-18T11:37:37","guid":{"rendered":"https:\/\/ss-cg.org\/?p=1151"},"modified":"2020-12-18T11:42:13","modified_gmt":"2020-12-18T11:42:13","slug":"ucesce-slepih-zena-u-donosenju-odluka","status":"publish","type":"post","link":"https:\/\/ss-cg.org\/?p=1151","title":{"rendered":"U\u010de\u0161\u0107e slepih \u017eena u dono\u0161enju odluka"},"content":{"rendered":"<div>Specijalna izvestiteljica za Prava osoba sa invaliditetom, Catalina Devandas, u svojoj tematskoj studiji o pravu osoba sa invaliditetom na u\u010de\u0161\u0107e u dono\u0161enju odluka ukazala je na istorijske prepreke sa kojima su suo\u010dene \u017eene i devoj\u010dice sa invaliditetom u u\u010de\u0161\u0107u u javnim procesima u dono\u0161enju odluka, uklju\u010duju\u0107i neizbalansiranost mo\u0107i izme\u0111u mehanizama gendera i invalidnosti i tela.<\/div>\n<div><\/div>\n<div>Bro\u0161ura je izra\u0111ena u okviru projekta \u201eOsna\u017eivanje slijepih \u017eena za borbu protiv nasilja, diskriminacije i rodne neravnopravnosti\u201c.<\/div>\n<div>Projekat sprovodi Udru\u017eenje gra\u0111ana o\u0161te\u0107enog vida Tuzla u partnerstvu sa Gradskom organizacijom slepih Beograd i Savezom slijepih Crne Gore \u00a0u okviru Zajedni\u010dkog regionalnog programa \u201eDijalog za budu\u0107nost: unaprije\u0111enje dijaloga i dru\u0161tvene kohezije u, i izme\u0111u, Bosne i Hercegovine, Crne Gore i Republike Srbije\u201c, koji sprovode UNDP, UNICEF i UNESCO, a finansira ga Fond UN-a za izgradnju mira (UN PBF).<\/div>\n<div><\/div>\n<div><\/div>\n<div>Detaljnije na linku u nastavku &#8211; <a href=\"https:\/\/ss-cg.org\/wp-content\/uploads\/2020\/12\/Ucesce-slepih-zena-u-donosenju-odluka-1.doc\">Ucesce slepih zena u donosenju odluka (1)<\/a><\/div>\n","protected":false},"excerpt":{"rendered":"<p>Specijalna izvestiteljica za Prava osoba sa invaliditetom, Catalina Devandas, u svojoj tematskoj studiji o pravu osoba sa invaliditetom na u\u010de\u0161\u0107e u dono\u0161enju odluka ukazala je&#8230;<\/p>\n<div class=\"more-link-wrapper\"><a class=\"more-link\" href=\"https:\/\/ss-cg.org\/?p=1151\">Op\u0161irnije<span class=\"screen-reader-text\">U\u010de\u0161\u0107e slepih \u017eena u dono\u0161enju odluka<\/span><\/a><\/div>\n","protected":false},"author":3,"featured_media":1154,"comment_status":"open","ping_status":"open","sticky":false,"template":"","format":"standard","meta":{"footnotes":""},"categories":[23],"tags":[118,416,124,415],"class_list":["post-1151","post","type-post","status-publish","format-standard","has-post-thumbnail","hentry","category-aktuelnosti","tag-brosura","tag-donosenje-odluka","tag-osobe-ostecenog-vida","tag-slepe-zene","ratio-2-1","entry"],"_links":{"self":[{"href":"https:\/\/ss-cg.org\/index.php?rest_route=\/wp\/v2\/posts\/1151","targetHints":{"allow":["GET"]}}],"collection":[{"href":"https:\/\/ss-cg.org\/index.php?rest_route=\/wp\/v2\/posts"}],"about":[{"href":"https:\/\/ss-cg.org\/index.php?rest_route=\/wp\/v2\/types\/post"}],"author":[{"embeddable":true,"href":"https:\/\/ss-cg.org\/index.php?rest_route=\/wp\/v2\/users\/3"}],"replies":[{"embeddable":true,"href":"https:\/\/ss-cg.org\/index.php?rest_route=%2Fwp%2Fv2%2Fcomments&post=1151"}],"version-history":[{"count":1,"href":"https:\/\/ss-cg.org\/index.php?rest_route=\/wp\/v2\/posts\/1151\/revisions"}],"predecessor-version":[{"id":1153,"href":"https:\/\/ss-cg.org\/index.php?rest_route=\/wp\/v2\/posts\/1151\/revisions\/1153"}],"wp:featuredmedia":[{"embeddable":true,"href":"https:\/\/ss-cg.org\/index.php?rest_route=\/wp\/v2\/media\/1154"}],"wp:attachment":[{"href":"https:\/\/ss-cg.org\/index.php?rest_route=%2Fwp%2Fv2%2Fmedia&parent=1151"}],"wp:term":[{"taxonomy":"category","embeddable":true,"href":"https:\/\/ss-cg.org\/index.php?rest_route=%2Fwp%2Fv2%2Fcategories&post=1151"},{"taxonomy":"post_tag","embeddable":true,"href":"https:\/\/ss-cg.org\/index.php?rest_route=%2Fwp%2Fv2%2Ftags&post=1151"}],"curies":[{"name":"wp","href":"https:\/\/api.w.org\/{rel}","templated":true}]}}