{"id":1117,"date":"2020-12-14T09:50:17","date_gmt":"2020-12-14T09:50:17","guid":{"rendered":"https:\/\/ss-cg.org\/?p=1117"},"modified":"2020-12-14T10:36:31","modified_gmt":"2020-12-14T10:36:31","slug":"pravo-na-licnu-invalidninu","status":"publish","type":"post","link":"https:\/\/ss-cg.org\/?p=1117","title":{"rendered":"PRAVO NA LI\u010cNU INVALIDNINU"},"content":{"rendered":"<p>Li\u010dna invalidnina je jedno od prava iz korpusa prava socijalne za\u0161tite gra\u0111ana.<\/p>\n<p>Ovo pravo prepoznato je i definisano Zakonom o socijalnoj i dje\u010dijoj za\u0161titi. Ostvaruju ga crnogorski dr\u017eavljani\/ke, a zahtjev za priznavanje ovog prava podnosi se centru za socijalni rad u op\u0161tini, odnosno gradu u kome \u017eivi konkretna osoba. Zahtjev se popunjava kod mjesnog centra, a uz zahtjev se dostavlja i relevantna medicinska dokumentacija (otpusne liste, izvje\u0161taji ljekara specijalista, odre\u0111ena rje\u0161enja o utvr\u0111ivanju invaliditeta i dr), koja mora sadr\u017eati barem jedan izvje\u0161taj ljekara specijaliste koji ne smije biti stariji od \u0161est mjeseci. Ostala medicinska dokumentacija je po\u017eeljno da bude od samog po\u010detka bolesti, odnosno nastanka invaliditeta.<\/p>\n<p>Pravo na li\u010dnu invalidninu definisano je \u010dlanom 32 navedenog zakona i glasi ovako: \u201ePravo na li\u010dnu invalidninu mo\u017ee ostvariti lice iz stava 1 ovog \u010dlana pod uslovom da nije korisnik prava na dodatak za njegu i pomo\u0107 u skladu sa ovim zakonom i drugim zakonima.<\/p>\n<p>Visina li\u010dne invalidnine iznosi 178.19 eura mjese\u010dno.\u201d Iako je prema na\u0161em stavu, dodatak za njegu i pomo\u0107 jedno posve druga\u010dije pravo u svojoj biti i samoj prirodi prava, ovakva norma uslovljava i isklju\u010duje ostvarivanje jednog od prava \u2013 pravo na li\u010dnu invalidninu i dodatak za njegu i pomo\u0107, koja su prije 2016. godine bila ispravno postavljena u normativnoj ljestvici prava iz oblasti socijalne za\u0161tite.<\/p>\n<p>Dodatak za njegu i pomo\u0107 ima za cilj da se osobi s invaliditetom putem odre\u0111enog nov\u010danog iznosa, koji je danas zaista ispod svih mjerila za realnost (iznos dodatka je svega 68\u20ac), omogu\u0107i da od tog iznosa da odgovaraju\u0107u nagradu i plati osobi koja joj poma\u017ee u svakodnevnim \u017eivotnim situacijama i aktivnostima, koje ona usljed invaliditeta nije u mogu\u0107nosti da samostalno izvr\u0161i.<\/p>\n<p>Pravo na li\u010dnu invalidninu je zapravo odre\u0111ena materijalna satisfakcija koju dru\u0161tvo i dr\u017eava daju osobama s te\u0161kim invaliditetom usljed postojanja brojnih barijera, nepristupa\u010dnosti \u017eivotnog okru\u017eenja, usluga, informacija, bez obzira na \u010dinjenice da li je ta osoba uspje\u0161no okon\u010dala svoje \u0161kolovanje, stekla zaposlenje, oformila porodicu..<\/p>\n<p>Dakle, iz prethodno navedenog, veoma jasno se uo\u010dava ogromna su\u0161tinska i pojmovna razlika izme\u0111u ovih prava, te se tako ova prava ne bi smjela uslovljavati jedno drugim i bilo bi veoma dobro da uskoro i ovaj zakon pretrpi odre\u0111ene izmjene i dopune (Zakon o socijalnoj i dje\u010dijoj za\u0161titi).<\/p>\n<p>Dalje, iako je \u010dlan 32 Zakona veoma jasan, kratak i reklo bi se jednako va\u017ee\u0107i za sve osobe s te\u0161kim, stoprocentnim invaliditetom, ova norma je ve\u0107 vi\u0161e godina \u201cnedosti\u017ena\u201d za osobe potpuno o\u0161te\u0107enog vida u na\u0161oj zemlji.<\/p>\n<p>Me\u0111utim, ni\u017ei pravni akt od zakona, koji ne slijedi duh va\u017ee\u0107eg Zakona, su\u017eava obim prava osobama potpuno o\u0161te\u0107enog vida i obesmi\u0161ljava ideju zakonopisca. Taj akt je Pravilnik, koji u \u010dlanu 4 istog izlistava sva oboljenja, odnosno dijagnoze koje dovode do ostvarivanja prava na li\u010dnu invalidninu. U ovom odjeljku su osobe potpuno o\u0161te\u0107enog vida zlonamjerno izostavljene,<\/p>\n<p>&nbsp;<\/p>\n<p>iako njihov invaliditet pripada \u201cte\u0161kom invaliditetu\u201d, tj. iako ove osobe imaju sto procenata tjelesnog o\u0161te\u0107enja, dakle invaliditeta.<\/p>\n<p>S obzirom na \u010dinjenicu da je va\u017ee\u0107i Pravilnik izostavio jednu zna\u010dajnu grupaciju ljudi i onemogu\u0107io im ostvarenje prava na li\u010dnu invalidninu, smatramo ga i nazivamo DISKRIMINATORNIM i ve\u0107 \u0161est godina apelujemo, upu\u0107ujemo inicijative i zahtjeve da se on izmijeni i upodobi sa Zakonom o socijalnoj i dje\u010dijoj za\u0161titi. Broj inicijativa, apela, zahtjeva, koje je SSCG uputio u minulom periodu Ministarstvu rada i socijalnog staranja je dvocifren, a niti jedan odgovor, bilo kakve sadr\u017eine, nije dobijen od resornog ministarstva po ovom pitanju.<\/p>\n<p>&nbsp;<\/p>\n","protected":false},"excerpt":{"rendered":"<p>Li\u010dna invalidnina je jedno od prava iz korpusa prava socijalne za\u0161tite gra\u0111ana. Ovo pravo prepoznato je i definisano Zakonom o socijalnoj i dje\u010dijoj za\u0161titi. Ostvaruju&#8230;<\/p>\n<div class=\"more-link-wrapper\"><a class=\"more-link\" href=\"https:\/\/ss-cg.org\/?p=1117\">Op\u0161irnije<span class=\"screen-reader-text\">PRAVO NA LI\u010cNU INVALIDNINU<\/span><\/a><\/div>\n","protected":false},"author":3,"featured_media":1119,"comment_status":"open","ping_status":"open","sticky":false,"template":"","format":"standard","meta":{"footnotes":""},"categories":[23],"tags":[27,124,142,408,409],"class_list":["post-1117","post","type-post","status-publish","format-standard","has-post-thumbnail","hentry","category-aktuelnosti","tag-licna-invalidnina","tag-osobe-ostecenog-vida","tag-osobe-sa-invaliditetom","tag-pravo","tag-socijalna-zastita","ratio-2-1","entry"],"_links":{"self":[{"href":"https:\/\/ss-cg.org\/index.php?rest_route=\/wp\/v2\/posts\/1117","targetHints":{"allow":["GET"]}}],"collection":[{"href":"https:\/\/ss-cg.org\/index.php?rest_route=\/wp\/v2\/posts"}],"about":[{"href":"https:\/\/ss-cg.org\/index.php?rest_route=\/wp\/v2\/types\/post"}],"author":[{"embeddable":true,"href":"https:\/\/ss-cg.org\/index.php?rest_route=\/wp\/v2\/users\/3"}],"replies":[{"embeddable":true,"href":"https:\/\/ss-cg.org\/index.php?rest_route=%2Fwp%2Fv2%2Fcomments&post=1117"}],"version-history":[{"count":1,"href":"https:\/\/ss-cg.org\/index.php?rest_route=\/wp\/v2\/posts\/1117\/revisions"}],"predecessor-version":[{"id":1118,"href":"https:\/\/ss-cg.org\/index.php?rest_route=\/wp\/v2\/posts\/1117\/revisions\/1118"}],"wp:featuredmedia":[{"embeddable":true,"href":"https:\/\/ss-cg.org\/index.php?rest_route=\/wp\/v2\/media\/1119"}],"wp:attachment":[{"href":"https:\/\/ss-cg.org\/index.php?rest_route=%2Fwp%2Fv2%2Fmedia&parent=1117"}],"wp:term":[{"taxonomy":"category","embeddable":true,"href":"https:\/\/ss-cg.org\/index.php?rest_route=%2Fwp%2Fv2%2Fcategories&post=1117"},{"taxonomy":"post_tag","embeddable":true,"href":"https:\/\/ss-cg.org\/index.php?rest_route=%2Fwp%2Fv2%2Ftags&post=1117"}],"curies":[{"name":"wp","href":"https:\/\/api.w.org\/{rel}","templated":true}]}}