{"id":1059,"date":"2020-11-27T10:04:35","date_gmt":"2020-11-27T10:04:35","guid":{"rendered":"https:\/\/ss-cg.org\/?p=1059"},"modified":"2020-11-27T10:32:22","modified_gmt":"2020-11-27T10:32:22","slug":"aktivno-ucesce-osi-u-kulturnom-zivotu-zajednice","status":"publish","type":"post","link":"https:\/\/ss-cg.org\/?p=1059","title":{"rendered":"Aktivno u\u010de\u0161\u0107e OSI u kulturnom \u017eivotu zajednice"},"content":{"rendered":"<ol>\n<li>Savez slijepih Crne Gore u partnerstvu sa Organizacijom slijepih za Berane, Andrijevicu, Plav i Ro\u017eaje po\u010dinje sa realizacijom dvanaestomjese\u010dnog projekta \u201cAktivno u\u010de\u0161\u0107e OSI u kulturnom \u017eivotu zajednice\u201d koji je podr\u017ean i finansiran od strane Ministarstva kulture. Muzika je vrsta umjetnosti koja je najzastupljenija kod svih nas, a posebno mjesto ona zauzima u \u017eivotima osoba o\u0161te\u0107enog vida. Projektom se omogu\u0107ava bavljenje muzikom za osobe o\u0161te\u0107enog vida uz unaprje\u0111enje kulturnog izraza, i pove\u0107anog pristupa kulturnim sadr\u017eajima.<\/li>\n<\/ol>\n<p>Rad muzi\u010dkog orkestra Saveza slijepih Crne Gore je veoma zna\u010dajna aktivnost, kako za ja\u010danje nezavisne kulturne scene, tako i za razvoj kulture na teritoriji Crne Gore, uklju\u010divanje osoba o\u0161te\u0107enog vida, osoba sa invaliditetom, osoba bez invaliditeta, razvijanje kulturnih navika, te i njihovo promovisanje vokalno- instrumentalnih potencijala. Trenutno Orkestar \u010dini dvadeset jedan \u010dlan, od kojih su sedmoro instrumentalisti, a ostali su vokalni solisti.<\/p>\n<p>Kroz realizaciju ovog projektnog predloga, planirano je da \u010dlanovi Orkestra odr\u017ee sastanke sa predstavnicima JU Resursnog centra za djecu i mlade Podgorica, Umjetni\u010dke \u0161kole Vasa Pavi\u0107, sa ciljem da pove\u0107aju pristup kvalitetnim dru\u0161tvenim sadr\u017eajima djeci. U pomenutim institucijama odr\u017ea\u0107e se i zajedni\u010dki nastupi Orkestra i u\u010denika, koji \u0107e predstaviti po\u010detak intenzivne saradnje na polju razvoja ponude kvalitetnih sadr\u017eaja za djecu, ali i daljem muzi\u010dkom razvoju. Koncert \u010dlanova Orkestra i u\u010denika JU Resursnog centra za djecu i mlade Podgorica i u\u010denika Umjetni\u010dke \u0161kole Vasa Pavi\u0107 bi\u0107e odr\u017ean u Dje\u010djem domu Mladost u Bijeloj.<\/p>\n<p>U cilju promocije raznolikosti kulturnih izraza odr\u017ea\u0107e se nastupi i u tri Doma za stare, u Risnu, Pljevljima i Bijelom Polju. Tradicionalni godi\u0161nji koncert u 2020. godini, Orkestar \u0107e odr\u017eati u Beranama.<\/p>\n<p>Me\u0111unarodno umre\u017eavanje Orkestar \u0107e nastaviti i ove godine. Pro\u0161le godine su odr\u017eani koncerti u Beogradu i Skoplju, koji su pokazali veliku zainteresovanost publike, a kroz realizaciju ovog projekta planira se nastup u Zagrebu. U skladu sa dobrom praksom, solisti iz Hrvatske \u0107e nastupati sa Orkestrom i na taj na\u010din \u0107e Orkestar pro\u0161iriti saradnju sa jo\u0161 jednom zemljom iz regiona, Hrvatskom.<\/p>\n<p>Orkestar postoji ve\u0107 \u0161est godina i iza sebe bilje\u017ei niz uspje\u0161nih nastupa, kako u Crnoj Gori, tako i u regionu i humanitarnih koncerata. Tokom godina postojanja odr\u017eani su koncerti u Bijelom Polju, Podgorici, Nik\u0161i\u0107u, Pljevljima, Beranama, Tuzima, Beogradu, Skoplju. Tako\u0111e, u radu Orkestra u\u010destvuju i osobe bez invaliditeta, \u0161to je u apsolutnom saglasju sa stremljenjima da se osobe o\u0161te\u0107enog vida potpuno uklju\u010de u sve dru\u0161tvene aktivnosti i da zajedno sa onima bez invaliditeta, rade, stvaraju, \u017eive, zabavljaju se. Na taj na\u010din ostvaruje se inkluzija u punom smislu i pravom obliku. Orkestar sara\u0111uje na me\u0111unarodnom nivou sa izvo\u0111a\u010dima iz Republike Srpske, Makedonije, Srbije.<\/p>\n<p>\u010clanovi Orkestra sviraju bubnjeve, bas gitaru, ritam gitaru, elektri\u010dnu gitaru, klavijature i harmoniku. Va\u017eno je napomenuti da \u010dlanovi Orkestra Saveza slijepih Crne Gore dolaze iz raznih gradova Crne Gore, tako da ima i \u010dlanova iz Ju\u017ene, Sredi\u0161nje i Sjeverne regije Crne Gore, jer se te\u017ei razvoju kulture u cijeloj Crnoj Gori.<\/p>\n","protected":false},"excerpt":{"rendered":"<p>Savez slijepih Crne Gore u partnerstvu sa Organizacijom slijepih za Berane, Andrijevicu, Plav i Ro\u017eaje po\u010dinje sa realizacijom dvanaestomjese\u010dnog projekta \u201cAktivno u\u010de\u0161\u0107e OSI u kulturnom&#8230;<\/p>\n<div class=\"more-link-wrapper\"><a class=\"more-link\" href=\"https:\/\/ss-cg.org\/?p=1059\">Op\u0161irnije<span class=\"screen-reader-text\">Aktivno u\u010de\u0161\u0107e OSI u kulturnom \u017eivotu zajednice<\/span><\/a><\/div>\n","protected":false},"author":3,"featured_media":1062,"comment_status":"open","ping_status":"open","sticky":false,"template":"","format":"standard","meta":{"footnotes":""},"categories":[23],"tags":[385,316,124,134,48],"class_list":["post-1059","post","type-post","status-publish","format-standard","has-post-thumbnail","hentry","category-aktuelnosti","tag-aktivno-ucesce-osi-u-kulturnom-zivotu","tag-ministarstvo-kulture","tag-osobe-ostecenog-vida","tag-projekat","tag-savez-slijepih-crne-gore","ratio-2-1","entry"],"_links":{"self":[{"href":"https:\/\/ss-cg.org\/index.php?rest_route=\/wp\/v2\/posts\/1059","targetHints":{"allow":["GET"]}}],"collection":[{"href":"https:\/\/ss-cg.org\/index.php?rest_route=\/wp\/v2\/posts"}],"about":[{"href":"https:\/\/ss-cg.org\/index.php?rest_route=\/wp\/v2\/types\/post"}],"author":[{"embeddable":true,"href":"https:\/\/ss-cg.org\/index.php?rest_route=\/wp\/v2\/users\/3"}],"replies":[{"embeddable":true,"href":"https:\/\/ss-cg.org\/index.php?rest_route=%2Fwp%2Fv2%2Fcomments&post=1059"}],"version-history":[{"count":3,"href":"https:\/\/ss-cg.org\/index.php?rest_route=\/wp\/v2\/posts\/1059\/revisions"}],"predecessor-version":[{"id":1063,"href":"https:\/\/ss-cg.org\/index.php?rest_route=\/wp\/v2\/posts\/1059\/revisions\/1063"}],"wp:featuredmedia":[{"embeddable":true,"href":"https:\/\/ss-cg.org\/index.php?rest_route=\/wp\/v2\/media\/1062"}],"wp:attachment":[{"href":"https:\/\/ss-cg.org\/index.php?rest_route=%2Fwp%2Fv2%2Fmedia&parent=1059"}],"wp:term":[{"taxonomy":"category","embeddable":true,"href":"https:\/\/ss-cg.org\/index.php?rest_route=%2Fwp%2Fv2%2Fcategories&post=1059"},{"taxonomy":"post_tag","embeddable":true,"href":"https:\/\/ss-cg.org\/index.php?rest_route=%2Fwp%2Fv2%2Ftags&post=1059"}],"curies":[{"name":"wp","href":"https:\/\/api.w.org\/{rel}","templated":true}]}}